{"id":646027,"date":"2025-01-21T20:49:39","date_gmt":"2025-01-21T19:49:39","guid":{"rendered":"https:\/\/artlogic.biz\/artlogic-ouvre-son-nouveau-bureau-a-bruxelles\/"},"modified":"2025-01-21T20:52:11","modified_gmt":"2025-01-21T19:52:11","slug":"artlogic-ouvre-son-nouveau-bureau-a-bruxelles","status":"publish","type":"post","link":"https:\/\/artlogic.biz\/fr\/artlogic-ouvre-son-nouveau-bureau-a-bruxelles\/","title":{"rendered":"artlogic ouvre son nouveau bureau  \u00e0 Bruxelles !"},"content":{"rendered":"<p><span style=\"font-weight: 400;\">artlogic est fier de d\u00e9voiler son nouveau bureau \u00e0 Bruxelles, une d\u00e9cision strat\u00e9gique qui refl\u00e8te la croissance et les ambitions internationales de l&rsquo;entreprise. Apr\u00e8s avoir relev\u00e9 les d\u00e9fis de ces derni\u00e8res ann\u00e9es, l&rsquo;\u00e9quipe est ravie d&rsquo;entamer ce nouveau chapitre et d&rsquo;accueillir ses partenaires et son \u00e9quipe dans un espace magnifique et central qui r\u00e9pond \u00e0 leurs besoins croissants.<\/span><\/p>\n<p><span style=\"font-weight: 400;\">\u00ab Nous sommes absolument ravis de notre nouveau bureau \u00bb, d\u00e9clare Vincent Vanderbruggen, CEO d&rsquo;artlogic Belgique. \u00ab Le fait d&rsquo;\u00eatre situ\u00e9 au c\u0153ur de l&rsquo;Europe nous offre un cadre id\u00e9al pour collaborer et rester en contact \u00e9troit avec l&rsquo;industrie de l&rsquo;\u00e9v\u00e9nementiel. \u00bb<\/span><\/p>\n<p><span style=\"font-weight: 400;\">Artlogic vous invite chaleureusement \u00e0 venir prendre une tasse de caf\u00e9, faire une visite du nouvel espace et explorer les collaborations potentielles futures.<\/span><\/p>\n","protected":false},"excerpt":{"rendered":"<p>artlogic est fier de d\u00e9voiler son nouveau bureau \u00e0 Bruxelles, une d\u00e9cision strat\u00e9gique qui refl\u00e8te la croissance et les ambitions internationales de l&rsquo;entreprise. Apr\u00e8s avoir relev\u00e9 les d\u00e9fis de ces derni\u00e8res ann\u00e9es, l&rsquo;\u00e9quipe est ravie d&rsquo;entamer ce nouveau chapitre et d&rsquo;accueillir ses partenaires et son \u00e9quipe dans un espace magnifique et central qui r\u00e9pond \u00e0 [&hellip;]<\/p>\n","protected":false},"author":120,"featured_media":645941,"comment_status":"closed","ping_status":"open","sticky":false,"template":"","format":"standard","meta":{"footnotes":""},"categories":[229,234,370],"tags":[],"class_list":["post-646027","post","type-post","status-publish","format-standard","has-post-thumbnail","hentry","category-artlogic-general","category-artlogic-international-2","category-artlogic-international-fr"],"yoast_head":"<!-- This site is optimized with the Yoast SEO plugin v25.7 - https:\/\/yoast.com\/wordpress\/plugins\/seo\/ -->\n<title>artlogic ouvre son nouveau bureau \u00e0 Bruxelles !<\/title>\n<meta name=\"description\" content=\"artlogic est fier de d\u00e9voiler son nouveau bureau \u00e0 Bruxelles, une d\u00e9cision strat\u00e9gique qui refl\u00e8te la croissance et les ambitions internationales de l&#039;entreprise.\" \/>\n<meta name=\"robots\" content=\"index, follow, max-snippet:-1, max-image-preview:large, max-video-preview:-1\" \/>\n<link rel=\"canonical\" href=\"https:\/\/artlogic.biz\/fr\/artlogic-ouvre-son-nouveau-bureau-a-bruxelles\/\" \/>\n<meta property=\"og:locale\" content=\"fr_FR\" \/>\n<meta property=\"og:type\" content=\"article\" \/>\n<meta property=\"og:title\" content=\"artlogic ouvre son nouveau bureau \u00e0 Bruxelles !\" \/>\n<meta property=\"og:description\" content=\"artlogic est fier de d\u00e9voiler son nouveau bureau \u00e0 Bruxelles, une d\u00e9cision strat\u00e9gique qui refl\u00e8te la croissance et les ambitions internationales de l&#039;entreprise.\" \/>\n<meta property=\"og:url\" content=\"https:\/\/artlogic.biz\/fr\/artlogic-ouvre-son-nouveau-bureau-a-bruxelles\/\" \/>\n<meta property=\"og:site_name\" content=\"artlogic\" \/>\n<meta property=\"article:published_time\" content=\"2025-01-21T19:49:39+00:00\" \/>\n<meta property=\"article:modified_time\" content=\"2025-01-21T19:52:11+00:00\" \/>\n<meta property=\"og:image\" content=\"https:\/\/artlogic.biz\/wp-content\/uploads\/Brussels-office-artlogic.png\" \/>\n\t<meta property=\"og:image:width\" content=\"1200\" \/>\n\t<meta property=\"og:image:height\" content=\"630\" \/>\n\t<meta property=\"og:image:type\" content=\"image\/png\" \/>\n<meta name=\"author\" content=\"Anja\" \/>\n<meta name=\"twitter:card\" content=\"summary_large_image\" \/>\n<meta name=\"twitter:label1\" content=\"\u00c9crit par\" \/>\n\t<meta name=\"twitter:data1\" content=\"Anja\" \/>\n\t<meta name=\"twitter:label2\" content=\"Dur\u00e9e de lecture estim\u00e9e\" \/>\n\t<meta name=\"twitter:data2\" content=\"1 minute\" \/>\n<script type=\"application\/ld+json\" class=\"yoast-schema-graph\">{\"@context\":\"https:\/\/schema.org\",\"@graph\":[{\"@type\":\"WebPage\",\"@id\":\"https:\/\/artlogic.biz\/fr\/artlogic-ouvre-son-nouveau-bureau-a-bruxelles\/\",\"url\":\"https:\/\/artlogic.biz\/fr\/artlogic-ouvre-son-nouveau-bureau-a-bruxelles\/\",\"name\":\"artlogic ouvre son nouveau bureau \u00e0 Bruxelles !\",\"isPartOf\":{\"@id\":\"https:\/\/artlogic.biz\/fr\/#website\"},\"primaryImageOfPage\":{\"@id\":\"https:\/\/artlogic.biz\/fr\/artlogic-ouvre-son-nouveau-bureau-a-bruxelles\/#primaryimage\"},\"image\":{\"@id\":\"https:\/\/artlogic.biz\/fr\/artlogic-ouvre-son-nouveau-bureau-a-bruxelles\/#primaryimage\"},\"thumbnailUrl\":\"https:\/\/artlogic.biz\/wp-content\/uploads\/Brussels-office-artlogic.png\",\"datePublished\":\"2025-01-21T19:49:39+00:00\",\"dateModified\":\"2025-01-21T19:52:11+00:00\",\"author\":{\"@id\":\"https:\/\/artlogic.biz\/fr\/#\/schema\/person\/c88643c04c638f5adbca92f0fec5425c\"},\"description\":\"artlogic est fier de d\u00e9voiler son nouveau bureau \u00e0 Bruxelles, une d\u00e9cision strat\u00e9gique qui refl\u00e8te la croissance et les ambitions internationales de l'entreprise.\",\"breadcrumb\":{\"@id\":\"https:\/\/artlogic.biz\/fr\/artlogic-ouvre-son-nouveau-bureau-a-bruxelles\/#breadcrumb\"},\"inLanguage\":\"fr-FR\",\"potentialAction\":[{\"@type\":\"ReadAction\",\"target\":[\"https:\/\/artlogic.biz\/fr\/artlogic-ouvre-son-nouveau-bureau-a-bruxelles\/\"]}]},{\"@type\":\"ImageObject\",\"inLanguage\":\"fr-FR\",\"@id\":\"https:\/\/artlogic.biz\/fr\/artlogic-ouvre-son-nouveau-bureau-a-bruxelles\/#primaryimage\",\"url\":\"https:\/\/artlogic.biz\/wp-content\/uploads\/Brussels-office-artlogic.png\",\"contentUrl\":\"https:\/\/artlogic.biz\/wp-content\/uploads\/Brussels-office-artlogic.png\",\"width\":1200,\"height\":630,\"caption\":\"artlogic Brussels office\"},{\"@type\":\"BreadcrumbList\",\"@id\":\"https:\/\/artlogic.biz\/fr\/artlogic-ouvre-son-nouveau-bureau-a-bruxelles\/#breadcrumb\",\"itemListElement\":[{\"@type\":\"ListItem\",\"position\":1,\"name\":\"Home\",\"item\":\"https:\/\/artlogic.biz\/fr\/home\/\"},{\"@type\":\"ListItem\",\"position\":2,\"name\":\"artlogic ouvre son nouveau bureau \u00e0 Bruxelles !\"}]},{\"@type\":\"WebSite\",\"@id\":\"https:\/\/artlogic.biz\/fr\/#website\",\"url\":\"https:\/\/artlogic.biz\/fr\/\",\"name\":\"artlogic\",\"description\":\"\",\"potentialAction\":[{\"@type\":\"SearchAction\",\"target\":{\"@type\":\"EntryPoint\",\"urlTemplate\":\"https:\/\/artlogic.biz\/fr\/?s={search_term_string}\"},\"query-input\":{\"@type\":\"PropertyValueSpecification\",\"valueRequired\":true,\"valueName\":\"search_term_string\"}}],\"inLanguage\":\"fr-FR\"},{\"@type\":\"Person\",\"@id\":\"https:\/\/artlogic.biz\/fr\/#\/schema\/person\/c88643c04c638f5adbca92f0fec5425c\",\"name\":\"Anja\"}]}<\/script>\n<!-- \/ Yoast SEO plugin. -->","yoast_head_json":{"title":"artlogic ouvre son nouveau bureau \u00e0 Bruxelles !","description":"artlogic est fier de d\u00e9voiler son nouveau bureau \u00e0 Bruxelles, une d\u00e9cision strat\u00e9gique qui refl\u00e8te la croissance et les ambitions internationales de l'entreprise.","robots":{"index":"index","follow":"follow","max-snippet":"max-snippet:-1","max-image-preview":"max-image-preview:large","max-video-preview":"max-video-preview:-1"},"canonical":"https:\/\/artlogic.biz\/fr\/artlogic-ouvre-son-nouveau-bureau-a-bruxelles\/","og_locale":"fr_FR","og_type":"article","og_title":"artlogic ouvre son nouveau bureau \u00e0 Bruxelles !","og_description":"artlogic est fier de d\u00e9voiler son nouveau bureau \u00e0 Bruxelles, une d\u00e9cision strat\u00e9gique qui refl\u00e8te la croissance et les ambitions internationales de l'entreprise.","og_url":"https:\/\/artlogic.biz\/fr\/artlogic-ouvre-son-nouveau-bureau-a-bruxelles\/","og_site_name":"artlogic","article_published_time":"2025-01-21T19:49:39+00:00","article_modified_time":"2025-01-21T19:52:11+00:00","og_image":[{"width":1200,"height":630,"url":"https:\/\/artlogic.biz\/wp-content\/uploads\/Brussels-office-artlogic.png","type":"image\/png"}],"author":"Anja","twitter_card":"summary_large_image","twitter_misc":{"\u00c9crit par":"Anja","Dur\u00e9e de lecture estim\u00e9e":"1 minute"},"schema":{"@context":"https:\/\/schema.org","@graph":[{"@type":"WebPage","@id":"https:\/\/artlogic.biz\/fr\/artlogic-ouvre-son-nouveau-bureau-a-bruxelles\/","url":"https:\/\/artlogic.biz\/fr\/artlogic-ouvre-son-nouveau-bureau-a-bruxelles\/","name":"artlogic ouvre son nouveau bureau \u00e0 Bruxelles !","isPartOf":{"@id":"https:\/\/artlogic.biz\/fr\/#website"},"primaryImageOfPage":{"@id":"https:\/\/artlogic.biz\/fr\/artlogic-ouvre-son-nouveau-bureau-a-bruxelles\/#primaryimage"},"image":{"@id":"https:\/\/artlogic.biz\/fr\/artlogic-ouvre-son-nouveau-bureau-a-bruxelles\/#primaryimage"},"thumbnailUrl":"https:\/\/artlogic.biz\/wp-content\/uploads\/Brussels-office-artlogic.png","datePublished":"2025-01-21T19:49:39+00:00","dateModified":"2025-01-21T19:52:11+00:00","author":{"@id":"https:\/\/artlogic.biz\/fr\/#\/schema\/person\/c88643c04c638f5adbca92f0fec5425c"},"description":"artlogic est fier de d\u00e9voiler son nouveau bureau \u00e0 Bruxelles, une d\u00e9cision strat\u00e9gique qui refl\u00e8te la croissance et les ambitions internationales de l'entreprise.","breadcrumb":{"@id":"https:\/\/artlogic.biz\/fr\/artlogic-ouvre-son-nouveau-bureau-a-bruxelles\/#breadcrumb"},"inLanguage":"fr-FR","potentialAction":[{"@type":"ReadAction","target":["https:\/\/artlogic.biz\/fr\/artlogic-ouvre-son-nouveau-bureau-a-bruxelles\/"]}]},{"@type":"ImageObject","inLanguage":"fr-FR","@id":"https:\/\/artlogic.biz\/fr\/artlogic-ouvre-son-nouveau-bureau-a-bruxelles\/#primaryimage","url":"https:\/\/artlogic.biz\/wp-content\/uploads\/Brussels-office-artlogic.png","contentUrl":"https:\/\/artlogic.biz\/wp-content\/uploads\/Brussels-office-artlogic.png","width":1200,"height":630,"caption":"artlogic Brussels office"},{"@type":"BreadcrumbList","@id":"https:\/\/artlogic.biz\/fr\/artlogic-ouvre-son-nouveau-bureau-a-bruxelles\/#breadcrumb","itemListElement":[{"@type":"ListItem","position":1,"name":"Home","item":"https:\/\/artlogic.biz\/fr\/home\/"},{"@type":"ListItem","position":2,"name":"artlogic ouvre son nouveau bureau \u00e0 Bruxelles !"}]},{"@type":"WebSite","@id":"https:\/\/artlogic.biz\/fr\/#website","url":"https:\/\/artlogic.biz\/fr\/","name":"artlogic","description":"","potentialAction":[{"@type":"SearchAction","target":{"@type":"EntryPoint","urlTemplate":"https:\/\/artlogic.biz\/fr\/?s={search_term_string}"},"query-input":{"@type":"PropertyValueSpecification","valueRequired":true,"valueName":"search_term_string"}}],"inLanguage":"fr-FR"},{"@type":"Person","@id":"https:\/\/artlogic.biz\/fr\/#\/schema\/person\/c88643c04c638f5adbca92f0fec5425c","name":"Anja"}]}},"_links":{"self":[{"href":"https:\/\/artlogic.biz\/fr\/wp-json\/wp\/v2\/posts\/646027","targetHints":{"allow":["GET"]}}],"collection":[{"href":"https:\/\/artlogic.biz\/fr\/wp-json\/wp\/v2\/posts"}],"about":[{"href":"https:\/\/artlogic.biz\/fr\/wp-json\/wp\/v2\/types\/post"}],"author":[{"embeddable":true,"href":"https:\/\/artlogic.biz\/fr\/wp-json\/wp\/v2\/users\/120"}],"replies":[{"embeddable":true,"href":"https:\/\/artlogic.biz\/fr\/wp-json\/wp\/v2\/comments?post=646027"}],"version-history":[{"count":2,"href":"https:\/\/artlogic.biz\/fr\/wp-json\/wp\/v2\/posts\/646027\/revisions"}],"predecessor-version":[{"id":646030,"href":"https:\/\/artlogic.biz\/fr\/wp-json\/wp\/v2\/posts\/646027\/revisions\/646030"}],"wp:featuredmedia":[{"embeddable":true,"href":"https:\/\/artlogic.biz\/fr\/wp-json\/wp\/v2\/media\/645941"}],"wp:attachment":[{"href":"https:\/\/artlogic.biz\/fr\/wp-json\/wp\/v2\/media?parent=646027"}],"wp:term":[{"taxonomy":"category","embeddable":true,"href":"https:\/\/artlogic.biz\/fr\/wp-json\/wp\/v2\/categories?post=646027"},{"taxonomy":"post_tag","embeddable":true,"href":"https:\/\/artlogic.biz\/fr\/wp-json\/wp\/v2\/tags?post=646027"}],"curies":[{"name":"wp","href":"https:\/\/api.w.org\/{rel}","templated":true}]}}