{"id":646021,"date":"2025-01-21T20:43:08","date_gmt":"2025-01-21T19:43:08","guid":{"rendered":"https:\/\/artlogic.biz\/artlogic-a-lise-2025-innovation-audiovisuelle-a-barcelone\/"},"modified":"2025-01-21T21:09:02","modified_gmt":"2025-01-21T20:09:02","slug":"artlogic-a-lise-2025-innovation-audiovisuelle-a-barcelone","status":"publish","type":"post","link":"https:\/\/artlogic.biz\/fr\/artlogic-a-lise-2025-innovation-audiovisuelle-a-barcelone\/","title":{"rendered":"artlogic \u00e0 l\u2019ISE 2025 : Innovation audiovisuelle \u00e0 Barcelone"},"content":{"rendered":"<p><span style=\"font-weight: 400;\">En janvier, Barcelone redevient l\u2019\u00e9picentre mondial de la technologie audiovisuelle avec la tenue de l\u2019ISE 2025, le plus grand et prestigieux salon d\u2019int\u00e9gration de syst\u00e8mes au monde. Chez artlogic, nous sommes ravis de faire partie de cet \u00e9v\u00e9nement qui r\u00e9unit les marques leaders de l\u2019industrie et d\u00e9finit les tendances qui marqueront l\u2019avenir.<\/span><\/p>\n<p>&nbsp;<\/p>\n<p><span style=\"font-weight: 400;\">L\u2019ISE est bien plus qu\u2019un salon : c\u2019est un espace o\u00f9 cr\u00e9ativit\u00e9 et innovation se rencontrent. Cette ann\u00e9e, certaines des marques les plus importantes de la technologie audiovisuelle pr\u00e9senteront leurs derni\u00e8res innovations en \u00e9crans LED, solutions de son immersif, projection haut de gamme, domotique et syst\u00e8mes d\u2019int\u00e9gration, qui r\u00e9volutionneront notre mani\u00e8re de concevoir la communication dans les \u00e9v\u00e9nements.<\/span><\/p>\n<p>&nbsp;<\/p>\n<p><span style=\"font-weight: 400;\">Chez artlogic, nous travaillons chaque jour avec bon nombre de ces technologies et savons que l\u2019ISE est une opportunit\u00e9 unique pour rester \u00e0 l\u2019avant-garde des solutions utilis\u00e9es par nos clients. Nous sommes convaincus que ce qui sera pr\u00e9sent\u00e9 cette ann\u00e9e \u00e0 l\u2019ISE ouvrira la voie \u00e0 des exp\u00e9riences plus percutantes, connect\u00e9es et durables dans l\u2019industrie \u00e9v\u00e9nementielle.<\/span><\/p>\n<p><span style=\"font-weight: 400;\">Si vous visitez l\u2019ISE 2025 et avez besoin de soutien lors de votre montage et d\u00e9montage, n\u2019h\u00e9sitez pas \u00e0 nous contacter.<\/span><\/p>\n","protected":false},"excerpt":{"rendered":"<p>En janvier, Barcelone redevient l\u2019\u00e9picentre mondial de la technologie audiovisuelle avec la tenue de l\u2019ISE 2025, le plus grand et prestigieux salon d\u2019int\u00e9gration de syst\u00e8mes au monde. Chez artlogic, nous sommes ravis de faire partie de cet \u00e9v\u00e9nement qui r\u00e9unit les marques leaders de l\u2019industrie et d\u00e9finit les tendances qui marqueront l\u2019avenir. &nbsp; L\u2019ISE est [&hellip;]<\/p>\n","protected":false},"author":120,"featured_media":645907,"comment_status":"closed","ping_status":"open","sticky":false,"template":"","format":"standard","meta":{"footnotes":""},"categories":[367,229,366,370],"tags":[],"class_list":["post-646021","post","type-post","status-publish","format-standard","has-post-thumbnail","hentry","category-artlogic-general-2-fr","category-artlogic-general","category-artlogic-international-3-fr","category-artlogic-international-fr"],"yoast_head":"<!-- This site is optimized with the Yoast SEO plugin v25.7 - https:\/\/yoast.com\/wordpress\/plugins\/seo\/ -->\n<title>artlogic \u00e0 l\u2019ISE 2025 : Innovation audiovisuelle \u00e0 Barcelone<\/title>\n<meta name=\"description\" content=\"artlogic est heureux de faire \u00e0 nouveau partie du hotspot de la technologie audiovisuelle \u00e0 Barcelone - l&#039;ISE 2025.\" \/>\n<meta name=\"robots\" content=\"index, follow, max-snippet:-1, max-image-preview:large, max-video-preview:-1\" \/>\n<link rel=\"canonical\" href=\"https:\/\/artlogic.biz\/fr\/artlogic-a-lise-2025-innovation-audiovisuelle-a-barcelone\/\" \/>\n<meta property=\"og:locale\" content=\"fr_FR\" \/>\n<meta property=\"og:type\" content=\"article\" \/>\n<meta property=\"og:title\" content=\"artlogic \u00e0 l\u2019ISE 2025 : Innovation audiovisuelle \u00e0 Barcelone\" \/>\n<meta property=\"og:description\" content=\"artlogic est heureux de faire \u00e0 nouveau partie du hotspot de la technologie audiovisuelle \u00e0 Barcelone - l&#039;ISE 2025.\" \/>\n<meta property=\"og:url\" content=\"https:\/\/artlogic.biz\/fr\/artlogic-a-lise-2025-innovation-audiovisuelle-a-barcelone\/\" \/>\n<meta property=\"og:site_name\" content=\"artlogic\" \/>\n<meta property=\"article:published_time\" content=\"2025-01-21T19:43:08+00:00\" \/>\n<meta property=\"article:modified_time\" content=\"2025-01-21T20:09:02+00:00\" \/>\n<meta property=\"og:image\" content=\"https:\/\/artlogic.biz\/wp-content\/uploads\/ISE-2025.png\" \/>\n\t<meta property=\"og:image:width\" content=\"1200\" \/>\n\t<meta property=\"og:image:height\" content=\"630\" \/>\n\t<meta property=\"og:image:type\" content=\"image\/png\" \/>\n<meta name=\"author\" content=\"Anja\" \/>\n<meta name=\"twitter:card\" content=\"summary_large_image\" \/>\n<meta name=\"twitter:label1\" content=\"\u00c9crit par\" \/>\n\t<meta name=\"twitter:data1\" content=\"Anja\" \/>\n\t<meta name=\"twitter:label2\" content=\"Dur\u00e9e de lecture estim\u00e9e\" \/>\n\t<meta name=\"twitter:data2\" content=\"1 minute\" \/>\n<script type=\"application\/ld+json\" class=\"yoast-schema-graph\">{\"@context\":\"https:\/\/schema.org\",\"@graph\":[{\"@type\":\"WebPage\",\"@id\":\"https:\/\/artlogic.biz\/fr\/artlogic-a-lise-2025-innovation-audiovisuelle-a-barcelone\/\",\"url\":\"https:\/\/artlogic.biz\/fr\/artlogic-a-lise-2025-innovation-audiovisuelle-a-barcelone\/\",\"name\":\"artlogic \u00e0 l\u2019ISE 2025 : Innovation audiovisuelle \u00e0 Barcelone\",\"isPartOf\":{\"@id\":\"https:\/\/artlogic.biz\/fr\/#website\"},\"primaryImageOfPage\":{\"@id\":\"https:\/\/artlogic.biz\/fr\/artlogic-a-lise-2025-innovation-audiovisuelle-a-barcelone\/#primaryimage\"},\"image\":{\"@id\":\"https:\/\/artlogic.biz\/fr\/artlogic-a-lise-2025-innovation-audiovisuelle-a-barcelone\/#primaryimage\"},\"thumbnailUrl\":\"https:\/\/artlogic.biz\/wp-content\/uploads\/ISE-2025.png\",\"datePublished\":\"2025-01-21T19:43:08+00:00\",\"dateModified\":\"2025-01-21T20:09:02+00:00\",\"author\":{\"@id\":\"https:\/\/artlogic.biz\/fr\/#\/schema\/person\/c88643c04c638f5adbca92f0fec5425c\"},\"description\":\"artlogic est heureux de faire \u00e0 nouveau partie du hotspot de la technologie audiovisuelle \u00e0 Barcelone - l'ISE 2025.\",\"breadcrumb\":{\"@id\":\"https:\/\/artlogic.biz\/fr\/artlogic-a-lise-2025-innovation-audiovisuelle-a-barcelone\/#breadcrumb\"},\"inLanguage\":\"fr-FR\",\"potentialAction\":[{\"@type\":\"ReadAction\",\"target\":[\"https:\/\/artlogic.biz\/fr\/artlogic-a-lise-2025-innovation-audiovisuelle-a-barcelone\/\"]}]},{\"@type\":\"ImageObject\",\"inLanguage\":\"fr-FR\",\"@id\":\"https:\/\/artlogic.biz\/fr\/artlogic-a-lise-2025-innovation-audiovisuelle-a-barcelone\/#primaryimage\",\"url\":\"https:\/\/artlogic.biz\/wp-content\/uploads\/ISE-2025.png\",\"contentUrl\":\"https:\/\/artlogic.biz\/wp-content\/uploads\/ISE-2025.png\",\"width\":1200,\"height\":630,\"caption\":\"artlogic at ISE 2025\"},{\"@type\":\"BreadcrumbList\",\"@id\":\"https:\/\/artlogic.biz\/fr\/artlogic-a-lise-2025-innovation-audiovisuelle-a-barcelone\/#breadcrumb\",\"itemListElement\":[{\"@type\":\"ListItem\",\"position\":1,\"name\":\"Home\",\"item\":\"https:\/\/artlogic.biz\/fr\/home\/\"},{\"@type\":\"ListItem\",\"position\":2,\"name\":\"artlogic \u00e0 l\u2019ISE 2025 : Innovation audiovisuelle \u00e0 Barcelone\"}]},{\"@type\":\"WebSite\",\"@id\":\"https:\/\/artlogic.biz\/fr\/#website\",\"url\":\"https:\/\/artlogic.biz\/fr\/\",\"name\":\"artlogic\",\"description\":\"\",\"potentialAction\":[{\"@type\":\"SearchAction\",\"target\":{\"@type\":\"EntryPoint\",\"urlTemplate\":\"https:\/\/artlogic.biz\/fr\/?s={search_term_string}\"},\"query-input\":{\"@type\":\"PropertyValueSpecification\",\"valueRequired\":true,\"valueName\":\"search_term_string\"}}],\"inLanguage\":\"fr-FR\"},{\"@type\":\"Person\",\"@id\":\"https:\/\/artlogic.biz\/fr\/#\/schema\/person\/c88643c04c638f5adbca92f0fec5425c\",\"name\":\"Anja\"}]}<\/script>\n<!-- \/ Yoast SEO plugin. -->","yoast_head_json":{"title":"artlogic \u00e0 l\u2019ISE 2025 : Innovation audiovisuelle \u00e0 Barcelone","description":"artlogic est heureux de faire \u00e0 nouveau partie du hotspot de la technologie audiovisuelle \u00e0 Barcelone - l'ISE 2025.","robots":{"index":"index","follow":"follow","max-snippet":"max-snippet:-1","max-image-preview":"max-image-preview:large","max-video-preview":"max-video-preview:-1"},"canonical":"https:\/\/artlogic.biz\/fr\/artlogic-a-lise-2025-innovation-audiovisuelle-a-barcelone\/","og_locale":"fr_FR","og_type":"article","og_title":"artlogic \u00e0 l\u2019ISE 2025 : Innovation audiovisuelle \u00e0 Barcelone","og_description":"artlogic est heureux de faire \u00e0 nouveau partie du hotspot de la technologie audiovisuelle \u00e0 Barcelone - l'ISE 2025.","og_url":"https:\/\/artlogic.biz\/fr\/artlogic-a-lise-2025-innovation-audiovisuelle-a-barcelone\/","og_site_name":"artlogic","article_published_time":"2025-01-21T19:43:08+00:00","article_modified_time":"2025-01-21T20:09:02+00:00","og_image":[{"width":1200,"height":630,"url":"https:\/\/artlogic.biz\/wp-content\/uploads\/ISE-2025.png","type":"image\/png"}],"author":"Anja","twitter_card":"summary_large_image","twitter_misc":{"\u00c9crit par":"Anja","Dur\u00e9e de lecture estim\u00e9e":"1 minute"},"schema":{"@context":"https:\/\/schema.org","@graph":[{"@type":"WebPage","@id":"https:\/\/artlogic.biz\/fr\/artlogic-a-lise-2025-innovation-audiovisuelle-a-barcelone\/","url":"https:\/\/artlogic.biz\/fr\/artlogic-a-lise-2025-innovation-audiovisuelle-a-barcelone\/","name":"artlogic \u00e0 l\u2019ISE 2025 : Innovation audiovisuelle \u00e0 Barcelone","isPartOf":{"@id":"https:\/\/artlogic.biz\/fr\/#website"},"primaryImageOfPage":{"@id":"https:\/\/artlogic.biz\/fr\/artlogic-a-lise-2025-innovation-audiovisuelle-a-barcelone\/#primaryimage"},"image":{"@id":"https:\/\/artlogic.biz\/fr\/artlogic-a-lise-2025-innovation-audiovisuelle-a-barcelone\/#primaryimage"},"thumbnailUrl":"https:\/\/artlogic.biz\/wp-content\/uploads\/ISE-2025.png","datePublished":"2025-01-21T19:43:08+00:00","dateModified":"2025-01-21T20:09:02+00:00","author":{"@id":"https:\/\/artlogic.biz\/fr\/#\/schema\/person\/c88643c04c638f5adbca92f0fec5425c"},"description":"artlogic est heureux de faire \u00e0 nouveau partie du hotspot de la technologie audiovisuelle \u00e0 Barcelone - l'ISE 2025.","breadcrumb":{"@id":"https:\/\/artlogic.biz\/fr\/artlogic-a-lise-2025-innovation-audiovisuelle-a-barcelone\/#breadcrumb"},"inLanguage":"fr-FR","potentialAction":[{"@type":"ReadAction","target":["https:\/\/artlogic.biz\/fr\/artlogic-a-lise-2025-innovation-audiovisuelle-a-barcelone\/"]}]},{"@type":"ImageObject","inLanguage":"fr-FR","@id":"https:\/\/artlogic.biz\/fr\/artlogic-a-lise-2025-innovation-audiovisuelle-a-barcelone\/#primaryimage","url":"https:\/\/artlogic.biz\/wp-content\/uploads\/ISE-2025.png","contentUrl":"https:\/\/artlogic.biz\/wp-content\/uploads\/ISE-2025.png","width":1200,"height":630,"caption":"artlogic at ISE 2025"},{"@type":"BreadcrumbList","@id":"https:\/\/artlogic.biz\/fr\/artlogic-a-lise-2025-innovation-audiovisuelle-a-barcelone\/#breadcrumb","itemListElement":[{"@type":"ListItem","position":1,"name":"Home","item":"https:\/\/artlogic.biz\/fr\/home\/"},{"@type":"ListItem","position":2,"name":"artlogic \u00e0 l\u2019ISE 2025 : Innovation audiovisuelle \u00e0 Barcelone"}]},{"@type":"WebSite","@id":"https:\/\/artlogic.biz\/fr\/#website","url":"https:\/\/artlogic.biz\/fr\/","name":"artlogic","description":"","potentialAction":[{"@type":"SearchAction","target":{"@type":"EntryPoint","urlTemplate":"https:\/\/artlogic.biz\/fr\/?s={search_term_string}"},"query-input":{"@type":"PropertyValueSpecification","valueRequired":true,"valueName":"search_term_string"}}],"inLanguage":"fr-FR"},{"@type":"Person","@id":"https:\/\/artlogic.biz\/fr\/#\/schema\/person\/c88643c04c638f5adbca92f0fec5425c","name":"Anja"}]}},"_links":{"self":[{"href":"https:\/\/artlogic.biz\/fr\/wp-json\/wp\/v2\/posts\/646021","targetHints":{"allow":["GET"]}}],"collection":[{"href":"https:\/\/artlogic.biz\/fr\/wp-json\/wp\/v2\/posts"}],"about":[{"href":"https:\/\/artlogic.biz\/fr\/wp-json\/wp\/v2\/types\/post"}],"author":[{"embeddable":true,"href":"https:\/\/artlogic.biz\/fr\/wp-json\/wp\/v2\/users\/120"}],"replies":[{"embeddable":true,"href":"https:\/\/artlogic.biz\/fr\/wp-json\/wp\/v2\/comments?post=646021"}],"version-history":[{"count":3,"href":"https:\/\/artlogic.biz\/fr\/wp-json\/wp\/v2\/posts\/646021\/revisions"}],"predecessor-version":[{"id":646411,"href":"https:\/\/artlogic.biz\/fr\/wp-json\/wp\/v2\/posts\/646021\/revisions\/646411"}],"wp:featuredmedia":[{"embeddable":true,"href":"https:\/\/artlogic.biz\/fr\/wp-json\/wp\/v2\/media\/645907"}],"wp:attachment":[{"href":"https:\/\/artlogic.biz\/fr\/wp-json\/wp\/v2\/media?parent=646021"}],"wp:term":[{"taxonomy":"category","embeddable":true,"href":"https:\/\/artlogic.biz\/fr\/wp-json\/wp\/v2\/categories?post=646021"},{"taxonomy":"post_tag","embeddable":true,"href":"https:\/\/artlogic.biz\/fr\/wp-json\/wp\/v2\/tags?post=646021"}],"curies":[{"name":"wp","href":"https:\/\/api.w.org\/{rel}","templated":true}]}}