{"id":641436,"date":"2024-11-12T15:55:24","date_gmt":"2024-11-12T14:55:24","guid":{"rendered":"https:\/\/artlogic.biz\/deutscher-pflegetag-2024\/"},"modified":"2024-11-12T16:25:26","modified_gmt":"2024-11-12T15:25:26","slug":"deutscher-pflegetag-2024","status":"publish","type":"post","link":"https:\/\/artlogic.biz\/fr\/deutscher-pflegetag-2024\/","title":{"rendered":"Deutscher Pflegetag 2024"},"content":{"rendered":"<p>Des roads et des assistants techniques exp\u00e9riment\u00e9s artlogic ont \u00e9t\u00e9 sollicit\u00e9s pour des t\u00e2ches techniques et plus encore lors de la Journ\u00e9e allemande des soins 2024. Par exemple, un mur de LED doit \u00eatre install\u00e9 pour un client, ce qui n\u00e9cessite du personnel avec de l&rsquo;exp\u00e9rience technique.<br \/>\nAucun probl\u00e8me pour notre \u00e9quipe form\u00e9e, bien s\u00fbr.<\/p>\n<p>Le German Care Day est l&rsquo;un des congr\u00e8s les plus importants du secteur des soins en Allemagne. Il aura lieu du 7 au 8 novembre 2024 \u00e0 Berlin. Il se tiendra au hub27 du centre d&rsquo;exposition Messe Berlin.<\/p>\n<p>Une fois de plus en 2024, de nombreux experts, d\u00e9cideurs et professionnels des soins sont attendus pour discuter des d\u00e9fis actuels et des d\u00e9veloppements futurs dans le domaine des soins. L&rsquo;accent sera mis sur des sujets tels que la num\u00e9risation, la durabilit\u00e9 et la r\u00e9duction de la charge de travail gr\u00e2ce \u00e0 l&rsquo;intelligence artificielle.<\/p>\n","protected":false},"excerpt":{"rendered":"<p>Des roads et des assistants techniques exp\u00e9riment\u00e9s artlogic ont \u00e9t\u00e9 sollicit\u00e9s pour des t\u00e2ches techniques et plus encore lors de la Journ\u00e9e allemande des soins 2024. Par exemple, un mur de LED doit \u00eatre install\u00e9 pour un client, ce qui n\u00e9cessite du personnel avec de l&rsquo;exp\u00e9rience technique. Aucun probl\u00e8me pour notre \u00e9quipe form\u00e9e, bien s\u00fbr. [&hellip;]<\/p>\n","protected":false},"author":120,"featured_media":640626,"comment_status":"closed","ping_status":"open","sticky":false,"template":"","format":"standard","meta":{"footnotes":""},"categories":[366],"tags":[],"class_list":["post-641436","post","type-post","status-publish","format-standard","has-post-thumbnail","hentry","category-artlogic-international-3-fr"],"yoast_head":"<!-- This site is optimized with the Yoast SEO plugin v25.7 - https:\/\/yoast.com\/wordpress\/plugins\/seo\/ -->\n<title>Deutscher Pflegetag 2024<\/title>\n<meta name=\"description\" content=\"Des roads et des assistants techniques exp\u00e9riment\u00e9s artlogic ont \u00e9t\u00e9 sollicit\u00e9s pour des t\u00e2ches techniques au Deutscher Pflegetag 2024.\" \/>\n<meta name=\"robots\" content=\"index, follow, max-snippet:-1, max-image-preview:large, max-video-preview:-1\" \/>\n<link rel=\"canonical\" href=\"https:\/\/artlogic.biz\/fr\/deutscher-pflegetag-2024\/\" \/>\n<meta property=\"og:locale\" content=\"fr_FR\" \/>\n<meta property=\"og:type\" content=\"article\" \/>\n<meta property=\"og:title\" content=\"Deutscher Pflegetag 2024\" \/>\n<meta property=\"og:description\" content=\"Des roads et des assistants techniques exp\u00e9riment\u00e9s artlogic ont \u00e9t\u00e9 sollicit\u00e9s pour des t\u00e2ches techniques au Deutscher Pflegetag 2024.\" \/>\n<meta property=\"og:url\" content=\"https:\/\/artlogic.biz\/fr\/deutscher-pflegetag-2024\/\" \/>\n<meta property=\"og:site_name\" content=\"artlogic\" \/>\n<meta property=\"article:published_time\" content=\"2024-11-12T14:55:24+00:00\" \/>\n<meta property=\"article:modified_time\" content=\"2024-11-12T15:25:26+00:00\" \/>\n<meta property=\"og:image\" content=\"https:\/\/artlogic.biz\/wp-content\/uploads\/DT24.png\" \/>\n\t<meta property=\"og:image:width\" content=\"1200\" \/>\n\t<meta property=\"og:image:height\" content=\"630\" \/>\n\t<meta property=\"og:image:type\" content=\"image\/png\" \/>\n<meta name=\"author\" content=\"Anja\" \/>\n<meta name=\"twitter:card\" content=\"summary_large_image\" \/>\n<meta name=\"twitter:label1\" content=\"\u00c9crit par\" \/>\n\t<meta name=\"twitter:data1\" content=\"Anja\" \/>\n\t<meta name=\"twitter:label2\" content=\"Dur\u00e9e de lecture estim\u00e9e\" \/>\n\t<meta name=\"twitter:data2\" content=\"1 minute\" \/>\n<script type=\"application\/ld+json\" class=\"yoast-schema-graph\">{\"@context\":\"https:\/\/schema.org\",\"@graph\":[{\"@type\":\"WebPage\",\"@id\":\"https:\/\/artlogic.biz\/fr\/deutscher-pflegetag-2024\/\",\"url\":\"https:\/\/artlogic.biz\/fr\/deutscher-pflegetag-2024\/\",\"name\":\"Deutscher Pflegetag 2024\",\"isPartOf\":{\"@id\":\"https:\/\/artlogic.biz\/fr\/#website\"},\"primaryImageOfPage\":{\"@id\":\"https:\/\/artlogic.biz\/fr\/deutscher-pflegetag-2024\/#primaryimage\"},\"image\":{\"@id\":\"https:\/\/artlogic.biz\/fr\/deutscher-pflegetag-2024\/#primaryimage\"},\"thumbnailUrl\":\"https:\/\/artlogic.biz\/wp-content\/uploads\/DT24.png\",\"datePublished\":\"2024-11-12T14:55:24+00:00\",\"dateModified\":\"2024-11-12T15:25:26+00:00\",\"author\":{\"@id\":\"https:\/\/artlogic.biz\/fr\/#\/schema\/person\/c88643c04c638f5adbca92f0fec5425c\"},\"description\":\"Des roads et des assistants techniques exp\u00e9riment\u00e9s artlogic ont \u00e9t\u00e9 sollicit\u00e9s pour des t\u00e2ches techniques au Deutscher Pflegetag 2024.\",\"breadcrumb\":{\"@id\":\"https:\/\/artlogic.biz\/fr\/deutscher-pflegetag-2024\/#breadcrumb\"},\"inLanguage\":\"fr-FR\",\"potentialAction\":[{\"@type\":\"ReadAction\",\"target\":[\"https:\/\/artlogic.biz\/fr\/deutscher-pflegetag-2024\/\"]}]},{\"@type\":\"ImageObject\",\"inLanguage\":\"fr-FR\",\"@id\":\"https:\/\/artlogic.biz\/fr\/deutscher-pflegetag-2024\/#primaryimage\",\"url\":\"https:\/\/artlogic.biz\/wp-content\/uploads\/DT24.png\",\"contentUrl\":\"https:\/\/artlogic.biz\/wp-content\/uploads\/DT24.png\",\"width\":1200,\"height\":630,\"caption\":\"Deutscher Pflegetag 2024\"},{\"@type\":\"BreadcrumbList\",\"@id\":\"https:\/\/artlogic.biz\/fr\/deutscher-pflegetag-2024\/#breadcrumb\",\"itemListElement\":[{\"@type\":\"ListItem\",\"position\":1,\"name\":\"Home\",\"item\":\"https:\/\/artlogic.biz\/fr\/home\/\"},{\"@type\":\"ListItem\",\"position\":2,\"name\":\"Deutscher Pflegetag 2024\"}]},{\"@type\":\"WebSite\",\"@id\":\"https:\/\/artlogic.biz\/fr\/#website\",\"url\":\"https:\/\/artlogic.biz\/fr\/\",\"name\":\"artlogic\",\"description\":\"\",\"potentialAction\":[{\"@type\":\"SearchAction\",\"target\":{\"@type\":\"EntryPoint\",\"urlTemplate\":\"https:\/\/artlogic.biz\/fr\/?s={search_term_string}\"},\"query-input\":{\"@type\":\"PropertyValueSpecification\",\"valueRequired\":true,\"valueName\":\"search_term_string\"}}],\"inLanguage\":\"fr-FR\"},{\"@type\":\"Person\",\"@id\":\"https:\/\/artlogic.biz\/fr\/#\/schema\/person\/c88643c04c638f5adbca92f0fec5425c\",\"name\":\"Anja\"}]}<\/script>\n<!-- \/ Yoast SEO plugin. -->","yoast_head_json":{"title":"Deutscher Pflegetag 2024","description":"Des roads et des assistants techniques exp\u00e9riment\u00e9s artlogic ont \u00e9t\u00e9 sollicit\u00e9s pour des t\u00e2ches techniques au Deutscher Pflegetag 2024.","robots":{"index":"index","follow":"follow","max-snippet":"max-snippet:-1","max-image-preview":"max-image-preview:large","max-video-preview":"max-video-preview:-1"},"canonical":"https:\/\/artlogic.biz\/fr\/deutscher-pflegetag-2024\/","og_locale":"fr_FR","og_type":"article","og_title":"Deutscher Pflegetag 2024","og_description":"Des roads et des assistants techniques exp\u00e9riment\u00e9s artlogic ont \u00e9t\u00e9 sollicit\u00e9s pour des t\u00e2ches techniques au Deutscher Pflegetag 2024.","og_url":"https:\/\/artlogic.biz\/fr\/deutscher-pflegetag-2024\/","og_site_name":"artlogic","article_published_time":"2024-11-12T14:55:24+00:00","article_modified_time":"2024-11-12T15:25:26+00:00","og_image":[{"width":1200,"height":630,"url":"https:\/\/artlogic.biz\/wp-content\/uploads\/DT24.png","type":"image\/png"}],"author":"Anja","twitter_card":"summary_large_image","twitter_misc":{"\u00c9crit par":"Anja","Dur\u00e9e de lecture estim\u00e9e":"1 minute"},"schema":{"@context":"https:\/\/schema.org","@graph":[{"@type":"WebPage","@id":"https:\/\/artlogic.biz\/fr\/deutscher-pflegetag-2024\/","url":"https:\/\/artlogic.biz\/fr\/deutscher-pflegetag-2024\/","name":"Deutscher Pflegetag 2024","isPartOf":{"@id":"https:\/\/artlogic.biz\/fr\/#website"},"primaryImageOfPage":{"@id":"https:\/\/artlogic.biz\/fr\/deutscher-pflegetag-2024\/#primaryimage"},"image":{"@id":"https:\/\/artlogic.biz\/fr\/deutscher-pflegetag-2024\/#primaryimage"},"thumbnailUrl":"https:\/\/artlogic.biz\/wp-content\/uploads\/DT24.png","datePublished":"2024-11-12T14:55:24+00:00","dateModified":"2024-11-12T15:25:26+00:00","author":{"@id":"https:\/\/artlogic.biz\/fr\/#\/schema\/person\/c88643c04c638f5adbca92f0fec5425c"},"description":"Des roads et des assistants techniques exp\u00e9riment\u00e9s artlogic ont \u00e9t\u00e9 sollicit\u00e9s pour des t\u00e2ches techniques au Deutscher Pflegetag 2024.","breadcrumb":{"@id":"https:\/\/artlogic.biz\/fr\/deutscher-pflegetag-2024\/#breadcrumb"},"inLanguage":"fr-FR","potentialAction":[{"@type":"ReadAction","target":["https:\/\/artlogic.biz\/fr\/deutscher-pflegetag-2024\/"]}]},{"@type":"ImageObject","inLanguage":"fr-FR","@id":"https:\/\/artlogic.biz\/fr\/deutscher-pflegetag-2024\/#primaryimage","url":"https:\/\/artlogic.biz\/wp-content\/uploads\/DT24.png","contentUrl":"https:\/\/artlogic.biz\/wp-content\/uploads\/DT24.png","width":1200,"height":630,"caption":"Deutscher Pflegetag 2024"},{"@type":"BreadcrumbList","@id":"https:\/\/artlogic.biz\/fr\/deutscher-pflegetag-2024\/#breadcrumb","itemListElement":[{"@type":"ListItem","position":1,"name":"Home","item":"https:\/\/artlogic.biz\/fr\/home\/"},{"@type":"ListItem","position":2,"name":"Deutscher Pflegetag 2024"}]},{"@type":"WebSite","@id":"https:\/\/artlogic.biz\/fr\/#website","url":"https:\/\/artlogic.biz\/fr\/","name":"artlogic","description":"","potentialAction":[{"@type":"SearchAction","target":{"@type":"EntryPoint","urlTemplate":"https:\/\/artlogic.biz\/fr\/?s={search_term_string}"},"query-input":{"@type":"PropertyValueSpecification","valueRequired":true,"valueName":"search_term_string"}}],"inLanguage":"fr-FR"},{"@type":"Person","@id":"https:\/\/artlogic.biz\/fr\/#\/schema\/person\/c88643c04c638f5adbca92f0fec5425c","name":"Anja"}]}},"_links":{"self":[{"href":"https:\/\/artlogic.biz\/fr\/wp-json\/wp\/v2\/posts\/641436","targetHints":{"allow":["GET"]}}],"collection":[{"href":"https:\/\/artlogic.biz\/fr\/wp-json\/wp\/v2\/posts"}],"about":[{"href":"https:\/\/artlogic.biz\/fr\/wp-json\/wp\/v2\/types\/post"}],"author":[{"embeddable":true,"href":"https:\/\/artlogic.biz\/fr\/wp-json\/wp\/v2\/users\/120"}],"replies":[{"embeddable":true,"href":"https:\/\/artlogic.biz\/fr\/wp-json\/wp\/v2\/comments?post=641436"}],"version-history":[{"count":2,"href":"https:\/\/artlogic.biz\/fr\/wp-json\/wp\/v2\/posts\/641436\/revisions"}],"predecessor-version":[{"id":641437,"href":"https:\/\/artlogic.biz\/fr\/wp-json\/wp\/v2\/posts\/641436\/revisions\/641437"}],"wp:featuredmedia":[{"embeddable":true,"href":"https:\/\/artlogic.biz\/fr\/wp-json\/wp\/v2\/media\/640626"}],"wp:attachment":[{"href":"https:\/\/artlogic.biz\/fr\/wp-json\/wp\/v2\/media?parent=641436"}],"wp:term":[{"taxonomy":"category","embeddable":true,"href":"https:\/\/artlogic.biz\/fr\/wp-json\/wp\/v2\/categories?post=641436"},{"taxonomy":"post_tag","embeddable":true,"href":"https:\/\/artlogic.biz\/fr\/wp-json\/wp\/v2\/tags?post=641436"}],"curies":[{"name":"wp","href":"https:\/\/api.w.org\/{rel}","templated":true}]}}