{"id":285713,"date":"2021-10-29T19:35:36","date_gmt":"2021-10-29T17:35:36","guid":{"rendered":"https:\/\/artlogic.biz\/?p=285713"},"modified":"2021-11-01T15:16:58","modified_gmt":"2021-11-01T14:16:58","slug":"artlogic-espagne-et-artlogic-allemagne-unissent-leurs-forces-pour-le-salon-anuga-2021","status":"publish","type":"post","link":"https:\/\/artlogic.biz\/fr\/artlogic-espagne-et-artlogic-allemagne-unissent-leurs-forces-pour-le-salon-anuga-2021\/","title":{"rendered":"artlogic Espagne et artlogic Allemagne unissent leurs forces sur le salon ANUGA 2021"},"content":{"rendered":"<p><span style=\"font-weight: 400;\">Le plus grand salon professionnel du monde dans le secteur alimentaire a de nouveau ouvert ses portes. Longtemps attendu par l&rsquo;industrie, ANUGA 2021 a accueilli ce mois-ci \u00e0 Cologne plus de 7000 exposants venus de plus de 100 pays. Chaque ann\u00e9e, ANUGA pr\u00e9sente les tendances de l\u2019industrie de l&rsquo;alimentation et des boissons ainsi que celles du secteur de la gastronomie.<\/span><\/p>\n<p><span style=\"font-weight: 400;\">ANUGA 2021 a \u00e9t\u00e9 une fois de plus l&rsquo;occasion pour nous de prouver \u00e0 quel point notre r\u00e9seau europ\u00e9en peut \u00eatre un avantage pour nos clients. Gr\u00e2ce \u00e0 la coop\u00e9ration entre artlogic Espagne et artlogic Allemagne, nous avons soutenu un client espagnol et fourni de grandes \u00e9quipes pour le montage et le d\u00e9montage de leur stand au parc des expositions de Cologne. Comme il s&rsquo;agissait d&rsquo;une coop\u00e9ration internationale, nous avons veill\u00e9 \u00e0 ce qu&rsquo;il y ait des anglophones et des hispanophones parmi notre \u00e9quipe sur site.<\/span><\/p>\n<p><span style=\"font-weight: 400;\">En ce qui concerne tous les projets internationaux, la gestion et le pilotage du projet sont toujours effectu\u00e9s par le bureau artlogic le plus proche de notre client. Ainsi, le client n&rsquo;a pas \u00e0 faire d&rsquo;efforts suppl\u00e9mentaires pour le booking, la gestion et le paiement de nos services. Le client sera en contact avec son bureau local artlogic et son interlocuteur habituel.<\/span><\/p>\n<p><span style=\"font-weight: 400;\">Si vous avez le projet de mettre en place un \u00e9v\u00e9nement ou de participer \u00e0 un salon \u00e0 l&rsquo;\u00e9tranger, n&rsquo;h\u00e9sitez pas \u00e0 nous en parler. Nous sommes en mesure de fournir des \u00e9quipes dans toute l&rsquo;Europe gr\u00e2ce \u00e0 notre vaste r\u00e9seau de bureaux artlogic ainsi qu&rsquo;\u00e0 nos partenaires fiables et de longue date.<\/span><\/p>\n","protected":false},"excerpt":{"rendered":"<p>Le plus grand salon professionnel du monde dans le secteur alimentaire a de nouveau ouvert ses portes. Longtemps attendu par l&rsquo;industrie, ANUGA 2021 a accueilli ce mois-ci \u00e0 Cologne plus de 7000 exposants venus de plus de 100 pays. Chaque ann\u00e9e, ANUGA pr\u00e9sente les tendances de l\u2019industrie de l&rsquo;alimentation et des boissons ainsi que celles [&hellip;]<\/p>\n","protected":false},"author":110,"featured_media":284310,"comment_status":"closed","ping_status":"open","sticky":false,"template":"","format":"standard","meta":{"footnotes":""},"categories":[234],"tags":[],"class_list":["post-285713","post","type-post","status-publish","format-standard","has-post-thumbnail","hentry","category-artlogic-international-2"],"yoast_head":"<!-- This site is optimized with the Yoast SEO plugin v25.7 - https:\/\/yoast.com\/wordpress\/plugins\/seo\/ -->\n<title>artlogic Espagne et Allemagne unissent leurs forces pour le salon ANUGA<\/title>\n<meta name=\"description\" content=\"Le plus grand salon professionnel du monde dans le secteur alimentaire a de nouveau ouvert ses portes. Et artlogic y \u00e9tait !\" \/>\n<meta name=\"robots\" content=\"index, follow, max-snippet:-1, max-image-preview:large, max-video-preview:-1\" \/>\n<link rel=\"canonical\" href=\"https:\/\/artlogic.biz\/fr\/artlogic-espagne-et-artlogic-allemagne-unissent-leurs-forces-pour-le-salon-anuga-2021\/\" \/>\n<meta property=\"og:locale\" content=\"fr_FR\" \/>\n<meta property=\"og:type\" content=\"article\" \/>\n<meta property=\"og:title\" content=\"artlogic Espagne et Allemagne unissent leurs forces pour le salon ANUGA\" \/>\n<meta property=\"og:description\" content=\"Le plus grand salon professionnel du monde dans le secteur alimentaire a de nouveau ouvert ses portes. Et artlogic y \u00e9tait !\" \/>\n<meta property=\"og:url\" content=\"https:\/\/artlogic.biz\/fr\/artlogic-espagne-et-artlogic-allemagne-unissent-leurs-forces-pour-le-salon-anuga-2021\/\" \/>\n<meta property=\"og:site_name\" content=\"artlogic\" \/>\n<meta property=\"article:published_time\" content=\"2021-10-29T17:35:36+00:00\" \/>\n<meta property=\"article:modified_time\" content=\"2021-11-01T14:16:58+00:00\" \/>\n<meta property=\"og:image\" content=\"https:\/\/artlogic.biz\/wp-content\/uploads\/Anuga-1.png\" \/>\n\t<meta property=\"og:image:width\" content=\"1200\" \/>\n\t<meta property=\"og:image:height\" content=\"630\" \/>\n\t<meta property=\"og:image:type\" content=\"image\/png\" \/>\n<meta name=\"author\" content=\"Albane de Malherbe\" \/>\n<meta name=\"twitter:card\" content=\"summary_large_image\" \/>\n<meta name=\"twitter:label1\" content=\"\u00c9crit par\" \/>\n\t<meta name=\"twitter:data1\" content=\"Albane de Malherbe\" \/>\n\t<meta name=\"twitter:label2\" content=\"Dur\u00e9e de lecture estim\u00e9e\" \/>\n\t<meta name=\"twitter:data2\" content=\"1 minute\" \/>\n<script type=\"application\/ld+json\" class=\"yoast-schema-graph\">{\"@context\":\"https:\/\/schema.org\",\"@graph\":[{\"@type\":\"WebPage\",\"@id\":\"https:\/\/artlogic.biz\/fr\/artlogic-espagne-et-artlogic-allemagne-unissent-leurs-forces-pour-le-salon-anuga-2021\/\",\"url\":\"https:\/\/artlogic.biz\/fr\/artlogic-espagne-et-artlogic-allemagne-unissent-leurs-forces-pour-le-salon-anuga-2021\/\",\"name\":\"artlogic Espagne et Allemagne unissent leurs forces pour le salon ANUGA\",\"isPartOf\":{\"@id\":\"https:\/\/artlogic.biz\/fr\/#website\"},\"primaryImageOfPage\":{\"@id\":\"https:\/\/artlogic.biz\/fr\/artlogic-espagne-et-artlogic-allemagne-unissent-leurs-forces-pour-le-salon-anuga-2021\/#primaryimage\"},\"image\":{\"@id\":\"https:\/\/artlogic.biz\/fr\/artlogic-espagne-et-artlogic-allemagne-unissent-leurs-forces-pour-le-salon-anuga-2021\/#primaryimage\"},\"thumbnailUrl\":\"https:\/\/artlogic.biz\/wp-content\/uploads\/Anuga-1.png\",\"datePublished\":\"2021-10-29T17:35:36+00:00\",\"dateModified\":\"2021-11-01T14:16:58+00:00\",\"author\":{\"@id\":\"https:\/\/artlogic.biz\/fr\/#\/schema\/person\/9a81c625dd02c83aa5978899fbf613b8\"},\"description\":\"Le plus grand salon professionnel du monde dans le secteur alimentaire a de nouveau ouvert ses portes. Et artlogic y \u00e9tait !\",\"breadcrumb\":{\"@id\":\"https:\/\/artlogic.biz\/fr\/artlogic-espagne-et-artlogic-allemagne-unissent-leurs-forces-pour-le-salon-anuga-2021\/#breadcrumb\"},\"inLanguage\":\"fr-FR\",\"potentialAction\":[{\"@type\":\"ReadAction\",\"target\":[\"https:\/\/artlogic.biz\/fr\/artlogic-espagne-et-artlogic-allemagne-unissent-leurs-forces-pour-le-salon-anuga-2021\/\"]}]},{\"@type\":\"ImageObject\",\"inLanguage\":\"fr-FR\",\"@id\":\"https:\/\/artlogic.biz\/fr\/artlogic-espagne-et-artlogic-allemagne-unissent-leurs-forces-pour-le-salon-anuga-2021\/#primaryimage\",\"url\":\"https:\/\/artlogic.biz\/wp-content\/uploads\/Anuga-1.png\",\"contentUrl\":\"https:\/\/artlogic.biz\/wp-content\/uploads\/Anuga-1.png\",\"width\":1200,\"height\":630,\"caption\":\"artlogic at Anuga\"},{\"@type\":\"BreadcrumbList\",\"@id\":\"https:\/\/artlogic.biz\/fr\/artlogic-espagne-et-artlogic-allemagne-unissent-leurs-forces-pour-le-salon-anuga-2021\/#breadcrumb\",\"itemListElement\":[{\"@type\":\"ListItem\",\"position\":1,\"name\":\"Home\",\"item\":\"https:\/\/artlogic.biz\/fr\/home\/\"},{\"@type\":\"ListItem\",\"position\":2,\"name\":\"artlogic Espagne et artlogic Allemagne unissent leurs forces sur le salon ANUGA 2021\"}]},{\"@type\":\"WebSite\",\"@id\":\"https:\/\/artlogic.biz\/fr\/#website\",\"url\":\"https:\/\/artlogic.biz\/fr\/\",\"name\":\"artlogic\",\"description\":\"\",\"potentialAction\":[{\"@type\":\"SearchAction\",\"target\":{\"@type\":\"EntryPoint\",\"urlTemplate\":\"https:\/\/artlogic.biz\/fr\/?s={search_term_string}\"},\"query-input\":{\"@type\":\"PropertyValueSpecification\",\"valueRequired\":true,\"valueName\":\"search_term_string\"}}],\"inLanguage\":\"fr-FR\"},{\"@type\":\"Person\",\"@id\":\"https:\/\/artlogic.biz\/fr\/#\/schema\/person\/9a81c625dd02c83aa5978899fbf613b8\",\"name\":\"Albane de Malherbe\"}]}<\/script>\n<!-- \/ Yoast SEO plugin. -->","yoast_head_json":{"title":"artlogic Espagne et Allemagne unissent leurs forces pour le salon ANUGA","description":"Le plus grand salon professionnel du monde dans le secteur alimentaire a de nouveau ouvert ses portes. Et artlogic y \u00e9tait !","robots":{"index":"index","follow":"follow","max-snippet":"max-snippet:-1","max-image-preview":"max-image-preview:large","max-video-preview":"max-video-preview:-1"},"canonical":"https:\/\/artlogic.biz\/fr\/artlogic-espagne-et-artlogic-allemagne-unissent-leurs-forces-pour-le-salon-anuga-2021\/","og_locale":"fr_FR","og_type":"article","og_title":"artlogic Espagne et Allemagne unissent leurs forces pour le salon ANUGA","og_description":"Le plus grand salon professionnel du monde dans le secteur alimentaire a de nouveau ouvert ses portes. Et artlogic y \u00e9tait !","og_url":"https:\/\/artlogic.biz\/fr\/artlogic-espagne-et-artlogic-allemagne-unissent-leurs-forces-pour-le-salon-anuga-2021\/","og_site_name":"artlogic","article_published_time":"2021-10-29T17:35:36+00:00","article_modified_time":"2021-11-01T14:16:58+00:00","og_image":[{"width":1200,"height":630,"url":"https:\/\/artlogic.biz\/wp-content\/uploads\/Anuga-1.png","type":"image\/png"}],"author":"Albane de Malherbe","twitter_card":"summary_large_image","twitter_misc":{"\u00c9crit par":"Albane de Malherbe","Dur\u00e9e de lecture estim\u00e9e":"1 minute"},"schema":{"@context":"https:\/\/schema.org","@graph":[{"@type":"WebPage","@id":"https:\/\/artlogic.biz\/fr\/artlogic-espagne-et-artlogic-allemagne-unissent-leurs-forces-pour-le-salon-anuga-2021\/","url":"https:\/\/artlogic.biz\/fr\/artlogic-espagne-et-artlogic-allemagne-unissent-leurs-forces-pour-le-salon-anuga-2021\/","name":"artlogic Espagne et Allemagne unissent leurs forces pour le salon ANUGA","isPartOf":{"@id":"https:\/\/artlogic.biz\/fr\/#website"},"primaryImageOfPage":{"@id":"https:\/\/artlogic.biz\/fr\/artlogic-espagne-et-artlogic-allemagne-unissent-leurs-forces-pour-le-salon-anuga-2021\/#primaryimage"},"image":{"@id":"https:\/\/artlogic.biz\/fr\/artlogic-espagne-et-artlogic-allemagne-unissent-leurs-forces-pour-le-salon-anuga-2021\/#primaryimage"},"thumbnailUrl":"https:\/\/artlogic.biz\/wp-content\/uploads\/Anuga-1.png","datePublished":"2021-10-29T17:35:36+00:00","dateModified":"2021-11-01T14:16:58+00:00","author":{"@id":"https:\/\/artlogic.biz\/fr\/#\/schema\/person\/9a81c625dd02c83aa5978899fbf613b8"},"description":"Le plus grand salon professionnel du monde dans le secteur alimentaire a de nouveau ouvert ses portes. Et artlogic y \u00e9tait !","breadcrumb":{"@id":"https:\/\/artlogic.biz\/fr\/artlogic-espagne-et-artlogic-allemagne-unissent-leurs-forces-pour-le-salon-anuga-2021\/#breadcrumb"},"inLanguage":"fr-FR","potentialAction":[{"@type":"ReadAction","target":["https:\/\/artlogic.biz\/fr\/artlogic-espagne-et-artlogic-allemagne-unissent-leurs-forces-pour-le-salon-anuga-2021\/"]}]},{"@type":"ImageObject","inLanguage":"fr-FR","@id":"https:\/\/artlogic.biz\/fr\/artlogic-espagne-et-artlogic-allemagne-unissent-leurs-forces-pour-le-salon-anuga-2021\/#primaryimage","url":"https:\/\/artlogic.biz\/wp-content\/uploads\/Anuga-1.png","contentUrl":"https:\/\/artlogic.biz\/wp-content\/uploads\/Anuga-1.png","width":1200,"height":630,"caption":"artlogic at Anuga"},{"@type":"BreadcrumbList","@id":"https:\/\/artlogic.biz\/fr\/artlogic-espagne-et-artlogic-allemagne-unissent-leurs-forces-pour-le-salon-anuga-2021\/#breadcrumb","itemListElement":[{"@type":"ListItem","position":1,"name":"Home","item":"https:\/\/artlogic.biz\/fr\/home\/"},{"@type":"ListItem","position":2,"name":"artlogic Espagne et artlogic Allemagne unissent leurs forces sur le salon ANUGA 2021"}]},{"@type":"WebSite","@id":"https:\/\/artlogic.biz\/fr\/#website","url":"https:\/\/artlogic.biz\/fr\/","name":"artlogic","description":"","potentialAction":[{"@type":"SearchAction","target":{"@type":"EntryPoint","urlTemplate":"https:\/\/artlogic.biz\/fr\/?s={search_term_string}"},"query-input":{"@type":"PropertyValueSpecification","valueRequired":true,"valueName":"search_term_string"}}],"inLanguage":"fr-FR"},{"@type":"Person","@id":"https:\/\/artlogic.biz\/fr\/#\/schema\/person\/9a81c625dd02c83aa5978899fbf613b8","name":"Albane de Malherbe"}]}},"_links":{"self":[{"href":"https:\/\/artlogic.biz\/fr\/wp-json\/wp\/v2\/posts\/285713","targetHints":{"allow":["GET"]}}],"collection":[{"href":"https:\/\/artlogic.biz\/fr\/wp-json\/wp\/v2\/posts"}],"about":[{"href":"https:\/\/artlogic.biz\/fr\/wp-json\/wp\/v2\/types\/post"}],"author":[{"embeddable":true,"href":"https:\/\/artlogic.biz\/fr\/wp-json\/wp\/v2\/users\/110"}],"replies":[{"embeddable":true,"href":"https:\/\/artlogic.biz\/fr\/wp-json\/wp\/v2\/comments?post=285713"}],"version-history":[{"count":5,"href":"https:\/\/artlogic.biz\/fr\/wp-json\/wp\/v2\/posts\/285713\/revisions"}],"predecessor-version":[{"id":285715,"href":"https:\/\/artlogic.biz\/fr\/wp-json\/wp\/v2\/posts\/285713\/revisions\/285715"}],"wp:featuredmedia":[{"embeddable":true,"href":"https:\/\/artlogic.biz\/fr\/wp-json\/wp\/v2\/media\/284310"}],"wp:attachment":[{"href":"https:\/\/artlogic.biz\/fr\/wp-json\/wp\/v2\/media?parent=285713"}],"wp:term":[{"taxonomy":"category","embeddable":true,"href":"https:\/\/artlogic.biz\/fr\/wp-json\/wp\/v2\/categories?post=285713"},{"taxonomy":"post_tag","embeddable":true,"href":"https:\/\/artlogic.biz\/fr\/wp-json\/wp\/v2\/tags?post=285713"}],"curies":[{"name":"wp","href":"https:\/\/api.w.org\/{rel}","templated":true}]}}