{"id":663382,"date":"2025-04-09T12:15:01","date_gmt":"2025-04-09T10:15:01","guid":{"rendered":"https:\/\/artlogic.biz\/?p=663382"},"modified":"2025-04-09T12:15:01","modified_gmt":"2025-04-09T10:15:01","slug":"expo-2025-japon","status":"publish","type":"post","link":"https:\/\/artlogic.biz\/es\/expo-2025-japon\/","title":{"rendered":"EXPO 2025 &#8211; Jap\u00f3n"},"content":{"rendered":"<article class=\"text-token-text-primary w-full\" dir=\"auto\" data-testid=\"conversation-turn-2\" data-scroll-anchor=\"true\">\n<div class=\"text-base my-auto mx-auto py-5 [--thread-content-margin:--spacing(4)] @[37rem]:[--thread-content-margin:--spacing(6)] @[70rem]:[--thread-content-margin:--spacing(12)] px-(--thread-content-margin)\">\n<div class=\"[--thread-content-max-width:32rem] @[34rem]:[--thread-content-max-width:40rem] @[64rem]:[--thread-content-max-width:48rem] mx-auto flex max-w-(--thread-content-max-width) flex-1 text-base gap-4 md:gap-5 lg:gap-6 group\/turn-messages focus-visible:outline-hidden\" tabindex=\"-1\">\n<div class=\"group\/conversation-turn relative flex w-full min-w-0 flex-col agent-turn\">\n<div class=\"relative flex-col gap-1 md:gap-3\">\n<div class=\"flex max-w-full flex-col grow\">\n<div class=\"min-h-8 text-message relative flex w-full flex-col items-end gap-2 text-start break-words whitespace-normal [.text-message+&amp;]:mt-5\" dir=\"auto\" data-message-author-role=\"assistant\" data-message-id=\"b7f69696-2e5b-4e59-8970-e9b023b21a7e\" data-message-model-slug=\"gpt-4o\">\n<div class=\"flex w-full flex-col gap-1 empty:hidden first:pt-[3px]\">\n<div class=\"markdown prose dark:prose-invert w-full break-words light\">\n<p class=\"\" data-start=\"15\" data-end=\"517\">La Expo 2025 es un gran evento internacional que se celebrar\u00e1 durante seis meses, del 13 de abril al 13 de octubre de 2025, en Osaka, Kansai, Jap\u00f3n. Bajo el lema <em data-start=\"177\" data-end=\"233\">\u00abDise\u00f1ando la sociedad del futuro para nuestras vidas\u00bb<\/em>, la Expo 2025 busca explorar soluciones a los retos globales actuales, como la sostenibilidad, la tecnolog\u00eda y la conectividad global. La exposici\u00f3n contar\u00e1 con numerosos pabellones en los que pa\u00edses y empresas presentar\u00e1n sus \u00faltimos logros tecnol\u00f3gicos y contribuciones culturales.<\/p>\n<p class=\"\" data-start=\"519\" data-end=\"994\">Gracias a la red internacional de artlogic y a sus colaboradores de larga trayectoria, contamos con equipos locales disponibles para ayudar a los clientes con el montaje y desmontaje de sus proyectos en Jap\u00f3n. Desde t\u00e9cnicos y asistentes hasta atrecistas e int\u00e9rpretes, esta experiencia local no solo contribuye a reducir costes y complicaciones log\u00edsticas, sino que tambi\u00e9n garantiza una experiencia m\u00e1s eficiente, eficaz y sin contratiempos durante todo el proyecto en Jap\u00f3n.<\/p>\n<p class=\"\" data-start=\"996\" data-end=\"1151\">\u00bfNecesitas equipo para trabajar contigo en Jap\u00f3n? Cont\u00e1ctanos para contratar al equipo que mejor se adapte a tus necesidades.<\/p>\n<\/div>\n<\/div>\n<\/div>\n<\/div>\n<\/div>\n<div class=\"absolute\">\n<div class=\"flex items-center justify-center\"><\/div>\n<\/div>\n<\/div>\n<\/div>\n<\/div>\n<\/article>\n<div class=\"pointer-events-none h-px w-px\" aria-hidden=\"true\" data-edge=\"true\"><\/div>\n","protected":false},"excerpt":{"rendered":"<p>La Expo 2025 es un gran evento internacional que se celebrar\u00e1 durante seis meses, del 13 de abril al 13 de octubre de 2025, en Osaka, Kansai, Jap\u00f3n. Bajo el lema \u00abDise\u00f1ando la sociedad del futuro para nuestras vidas\u00bb, la Expo 2025 busca explorar soluciones a los retos globales actuales, como la sostenibilidad, la tecnolog\u00eda [&hellip;]<\/p>\n","protected":false},"author":131,"featured_media":662928,"comment_status":"closed","ping_status":"open","sticky":false,"template":"","format":"standard","meta":{"footnotes":""},"categories":[84,86],"tags":[],"class_list":["post-663382","post","type-post","status-publish","format-standard","has-post-thumbnail","hentry","category-artlogic-ferias-es","category-artlogic-international-es"],"yoast_head":"<!-- This site is optimized with the Yoast SEO plugin v25.7 - https:\/\/yoast.com\/wordpress\/plugins\/seo\/ -->\n<title>EXPO 2025 - Jap\u00f3n - artlogic<\/title>\n<meta name=\"description\" content=\"La Expo 2025 es un gran evento internacional que se celebrar\u00e1 durante seis meses, del 13 de abril al 13 de octubre de 2025, en Osaka, Kansai, Jap\u00f3n.\" \/>\n<meta name=\"robots\" content=\"index, follow, max-snippet:-1, max-image-preview:large, max-video-preview:-1\" \/>\n<link rel=\"canonical\" href=\"https:\/\/artlogic.biz\/es\/expo-2025-japon\/\" \/>\n<meta property=\"og:locale\" content=\"es_ES\" \/>\n<meta property=\"og:type\" content=\"article\" \/>\n<meta property=\"og:title\" content=\"EXPO 2025 - Jap\u00f3n - artlogic\" \/>\n<meta property=\"og:description\" content=\"La Expo 2025 es un gran evento internacional que se celebrar\u00e1 durante seis meses, del 13 de abril al 13 de octubre de 2025, en Osaka, Kansai, Jap\u00f3n.\" \/>\n<meta property=\"og:url\" content=\"https:\/\/artlogic.biz\/es\/expo-2025-japon\/\" \/>\n<meta property=\"og:site_name\" content=\"artlogic\" \/>\n<meta property=\"article:published_time\" content=\"2025-04-09T10:15:01+00:00\" \/>\n<meta property=\"og:image\" content=\"https:\/\/artlogic.biz\/wp-content\/uploads\/EXPO-2025.png\" \/>\n\t<meta property=\"og:image:width\" content=\"1200\" \/>\n\t<meta property=\"og:image:height\" content=\"630\" \/>\n\t<meta property=\"og:image:type\" content=\"image\/png\" \/>\n<meta name=\"author\" content=\"maria.carrasco\" \/>\n<meta name=\"twitter:card\" content=\"summary_large_image\" \/>\n<meta name=\"twitter:label1\" content=\"Escrito por\" \/>\n\t<meta name=\"twitter:data1\" content=\"maria.carrasco\" \/>\n\t<meta name=\"twitter:label2\" content=\"Tiempo de lectura\" \/>\n\t<meta name=\"twitter:data2\" content=\"1 minuto\" \/>\n<script type=\"application\/ld+json\" class=\"yoast-schema-graph\">{\"@context\":\"https:\/\/schema.org\",\"@graph\":[{\"@type\":\"WebPage\",\"@id\":\"https:\/\/artlogic.biz\/es\/expo-2025-japon\/\",\"url\":\"https:\/\/artlogic.biz\/es\/expo-2025-japon\/\",\"name\":\"EXPO 2025 - Jap\u00f3n - artlogic\",\"isPartOf\":{\"@id\":\"https:\/\/artlogic.biz\/es\/#website\"},\"primaryImageOfPage\":{\"@id\":\"https:\/\/artlogic.biz\/es\/expo-2025-japon\/#primaryimage\"},\"image\":{\"@id\":\"https:\/\/artlogic.biz\/es\/expo-2025-japon\/#primaryimage\"},\"thumbnailUrl\":\"https:\/\/artlogic.biz\/wp-content\/uploads\/EXPO-2025.png\",\"datePublished\":\"2025-04-09T10:15:01+00:00\",\"author\":{\"@id\":\"https:\/\/artlogic.biz\/es\/#\/schema\/person\/cfdd2cff2a87d898f1db3589e9028932\"},\"description\":\"La Expo 2025 es un gran evento internacional que se celebrar\u00e1 durante seis meses, del 13 de abril al 13 de octubre de 2025, en Osaka, Kansai, Jap\u00f3n.\",\"breadcrumb\":{\"@id\":\"https:\/\/artlogic.biz\/es\/expo-2025-japon\/#breadcrumb\"},\"inLanguage\":\"es\",\"potentialAction\":[{\"@type\":\"ReadAction\",\"target\":[\"https:\/\/artlogic.biz\/es\/expo-2025-japon\/\"]}]},{\"@type\":\"ImageObject\",\"inLanguage\":\"es\",\"@id\":\"https:\/\/artlogic.biz\/es\/expo-2025-japon\/#primaryimage\",\"url\":\"https:\/\/artlogic.biz\/wp-content\/uploads\/EXPO-2025.png\",\"contentUrl\":\"https:\/\/artlogic.biz\/wp-content\/uploads\/EXPO-2025.png\",\"width\":1200,\"height\":630,\"caption\":\"EXPO 2025\"},{\"@type\":\"BreadcrumbList\",\"@id\":\"https:\/\/artlogic.biz\/es\/expo-2025-japon\/#breadcrumb\",\"itemListElement\":[{\"@type\":\"ListItem\",\"position\":1,\"name\":\"Home\",\"item\":\"https:\/\/artlogic.biz\/es\/\"},{\"@type\":\"ListItem\",\"position\":2,\"name\":\"EXPO 2025 &#8211; Jap\u00f3n\"}]},{\"@type\":\"WebSite\",\"@id\":\"https:\/\/artlogic.biz\/es\/#website\",\"url\":\"https:\/\/artlogic.biz\/es\/\",\"name\":\"artlogic\",\"description\":\"\",\"potentialAction\":[{\"@type\":\"SearchAction\",\"target\":{\"@type\":\"EntryPoint\",\"urlTemplate\":\"https:\/\/artlogic.biz\/es\/?s={search_term_string}\"},\"query-input\":{\"@type\":\"PropertyValueSpecification\",\"valueRequired\":true,\"valueName\":\"search_term_string\"}}],\"inLanguage\":\"es\"},{\"@type\":\"Person\",\"@id\":\"https:\/\/artlogic.biz\/es\/#\/schema\/person\/cfdd2cff2a87d898f1db3589e9028932\",\"name\":\"maria.carrasco\"}]}<\/script>\n<!-- \/ Yoast SEO plugin. -->","yoast_head_json":{"title":"EXPO 2025 - Jap\u00f3n - artlogic","description":"La Expo 2025 es un gran evento internacional que se celebrar\u00e1 durante seis meses, del 13 de abril al 13 de octubre de 2025, en Osaka, Kansai, Jap\u00f3n.","robots":{"index":"index","follow":"follow","max-snippet":"max-snippet:-1","max-image-preview":"max-image-preview:large","max-video-preview":"max-video-preview:-1"},"canonical":"https:\/\/artlogic.biz\/es\/expo-2025-japon\/","og_locale":"es_ES","og_type":"article","og_title":"EXPO 2025 - Jap\u00f3n - artlogic","og_description":"La Expo 2025 es un gran evento internacional que se celebrar\u00e1 durante seis meses, del 13 de abril al 13 de octubre de 2025, en Osaka, Kansai, Jap\u00f3n.","og_url":"https:\/\/artlogic.biz\/es\/expo-2025-japon\/","og_site_name":"artlogic","article_published_time":"2025-04-09T10:15:01+00:00","og_image":[{"width":1200,"height":630,"url":"https:\/\/artlogic.biz\/wp-content\/uploads\/EXPO-2025.png","type":"image\/png"}],"author":"maria.carrasco","twitter_card":"summary_large_image","twitter_misc":{"Escrito por":"maria.carrasco","Tiempo de lectura":"1 minuto"},"schema":{"@context":"https:\/\/schema.org","@graph":[{"@type":"WebPage","@id":"https:\/\/artlogic.biz\/es\/expo-2025-japon\/","url":"https:\/\/artlogic.biz\/es\/expo-2025-japon\/","name":"EXPO 2025 - Jap\u00f3n - artlogic","isPartOf":{"@id":"https:\/\/artlogic.biz\/es\/#website"},"primaryImageOfPage":{"@id":"https:\/\/artlogic.biz\/es\/expo-2025-japon\/#primaryimage"},"image":{"@id":"https:\/\/artlogic.biz\/es\/expo-2025-japon\/#primaryimage"},"thumbnailUrl":"https:\/\/artlogic.biz\/wp-content\/uploads\/EXPO-2025.png","datePublished":"2025-04-09T10:15:01+00:00","author":{"@id":"https:\/\/artlogic.biz\/es\/#\/schema\/person\/cfdd2cff2a87d898f1db3589e9028932"},"description":"La Expo 2025 es un gran evento internacional que se celebrar\u00e1 durante seis meses, del 13 de abril al 13 de octubre de 2025, en Osaka, Kansai, Jap\u00f3n.","breadcrumb":{"@id":"https:\/\/artlogic.biz\/es\/expo-2025-japon\/#breadcrumb"},"inLanguage":"es","potentialAction":[{"@type":"ReadAction","target":["https:\/\/artlogic.biz\/es\/expo-2025-japon\/"]}]},{"@type":"ImageObject","inLanguage":"es","@id":"https:\/\/artlogic.biz\/es\/expo-2025-japon\/#primaryimage","url":"https:\/\/artlogic.biz\/wp-content\/uploads\/EXPO-2025.png","contentUrl":"https:\/\/artlogic.biz\/wp-content\/uploads\/EXPO-2025.png","width":1200,"height":630,"caption":"EXPO 2025"},{"@type":"BreadcrumbList","@id":"https:\/\/artlogic.biz\/es\/expo-2025-japon\/#breadcrumb","itemListElement":[{"@type":"ListItem","position":1,"name":"Home","item":"https:\/\/artlogic.biz\/es\/"},{"@type":"ListItem","position":2,"name":"EXPO 2025 &#8211; Jap\u00f3n"}]},{"@type":"WebSite","@id":"https:\/\/artlogic.biz\/es\/#website","url":"https:\/\/artlogic.biz\/es\/","name":"artlogic","description":"","potentialAction":[{"@type":"SearchAction","target":{"@type":"EntryPoint","urlTemplate":"https:\/\/artlogic.biz\/es\/?s={search_term_string}"},"query-input":{"@type":"PropertyValueSpecification","valueRequired":true,"valueName":"search_term_string"}}],"inLanguage":"es"},{"@type":"Person","@id":"https:\/\/artlogic.biz\/es\/#\/schema\/person\/cfdd2cff2a87d898f1db3589e9028932","name":"maria.carrasco"}]}},"_links":{"self":[{"href":"https:\/\/artlogic.biz\/es\/wp-json\/wp\/v2\/posts\/663382","targetHints":{"allow":["GET"]}}],"collection":[{"href":"https:\/\/artlogic.biz\/es\/wp-json\/wp\/v2\/posts"}],"about":[{"href":"https:\/\/artlogic.biz\/es\/wp-json\/wp\/v2\/types\/post"}],"author":[{"embeddable":true,"href":"https:\/\/artlogic.biz\/es\/wp-json\/wp\/v2\/users\/131"}],"replies":[{"embeddable":true,"href":"https:\/\/artlogic.biz\/es\/wp-json\/wp\/v2\/comments?post=663382"}],"version-history":[{"count":2,"href":"https:\/\/artlogic.biz\/es\/wp-json\/wp\/v2\/posts\/663382\/revisions"}],"predecessor-version":[{"id":663384,"href":"https:\/\/artlogic.biz\/es\/wp-json\/wp\/v2\/posts\/663382\/revisions\/663384"}],"wp:featuredmedia":[{"embeddable":true,"href":"https:\/\/artlogic.biz\/es\/wp-json\/wp\/v2\/media\/662928"}],"wp:attachment":[{"href":"https:\/\/artlogic.biz\/es\/wp-json\/wp\/v2\/media?parent=663382"}],"wp:term":[{"taxonomy":"category","embeddable":true,"href":"https:\/\/artlogic.biz\/es\/wp-json\/wp\/v2\/categories?post=663382"},{"taxonomy":"post_tag","embeddable":true,"href":"https:\/\/artlogic.biz\/es\/wp-json\/wp\/v2\/tags?post=663382"}],"curies":[{"name":"wp","href":"https:\/\/api.w.org\/{rel}","templated":true}]}}