{"id":645217,"date":"2024-12-10T13:31:53","date_gmt":"2024-12-10T12:31:53","guid":{"rendered":"https:\/\/artlogic.biz\/?p=645217"},"modified":"2024-12-10T13:32:36","modified_gmt":"2024-12-10T12:32:36","slug":"preparate-para-el-mobile-world-congress-2025-en-barcelona","status":"publish","type":"post","link":"https:\/\/artlogic.biz\/es\/preparate-para-el-mobile-world-congress-2025-en-barcelona\/","title":{"rendered":"Prep\u00e1rate para el Mobile World Congress 2025 en Barcelona"},"content":{"rendered":"<p><span style=\"font-weight: 400;\">\u00a1El Mobile World Congress vuelve a Barcelona en 2025!\u00a0<\/span><\/p>\n<p><span style=\"font-weight: 400;\">El evento m\u00e1s importante del sector tecnol\u00f3gico y m\u00f3vil, el Mobile World Congress, regresa a Barcelona en 2025. En la edici\u00f3n anterior, este evento reuni\u00f3 a m\u00e1s de 88,500 asistentes de 200 pa\u00edses y gener\u00f3 un impacto econ\u00f3mico de 350 millones de euros para la ciudad. \u00a1Este a\u00f1o se espera que sea a\u00fan m\u00e1s espectacular!<\/span><\/p>\n<p><span style=\"font-weight: 400;\">Tu partner para un evento impecable: Sabemos que el \u00e9xito de tu participaci\u00f3n en el MWC depende de una ejecuci\u00f3n impecable. Por eso, ponemos a tu disposici\u00f3n un equipo local de profesionales especializados para cubrir todas tus necesidades log\u00edsticas y t\u00e9cnicas:<\/span><\/p>\n<ul>\n<li style=\"font-weight: 400;\" aria-level=\"2\"><span style=\"font-weight: 400;\"><strong>Stagehands:<\/strong> Personal experimentado para la carga, descarga y el montaje y desmontaje eficiente de mobiliario, escenarios, stands y audiovisuales.<\/span><\/li>\n<li style=\"font-weight: 400;\" aria-level=\"2\"><span style=\"font-weight: 400;\"><strong>Asistentes t\u00e9cnicos:<\/strong> Soporte in situ para garantizar que todos los detalles t\u00e9cnicos se ejecuten a la perfecci\u00f3n.<\/span><\/li>\n<li style=\"font-weight: 400;\" aria-level=\"2\"><span style=\"font-weight: 400;\"><strong>T\u00e9cnicos audiovisuales:<\/strong> Expertos en sonido, iluminaci\u00f3n y video para asegurar presentaciones impactantes.<\/span><\/li>\n<li style=\"font-weight: 400;\" aria-level=\"2\"><span style=\"font-weight: 400;\"><strong>Runners:<\/strong> Personal \u00e1gil y vers\u00e1til para solucionar cualquier imprevisto y facilitar la log\u00edstica.<\/span><\/li>\n<\/ul>\n<p><span style=\"font-weight: 400;\">\u00bfPor qu\u00e9 trabajar con nosotros?<\/span><\/p>\n<ul>\n<li style=\"font-weight: 400;\" aria-level=\"2\"><span style=\"font-weight: 400;\"><strong>Equipos locales:<\/strong> Nuestro personal conoce bien la ciudad y el recinto, lo que optimiza tiempos y costos.<\/span><\/li>\n<li style=\"font-weight: 400;\" aria-level=\"2\"><span style=\"font-weight: 400;\"><strong>Experiencia comprobada:<\/strong> Llevamos m\u00e1s de una d\u00e9cada colaborando con grandes marcas durante el MWC y otros eventos internacionales.<\/span><\/li>\n<li style=\"font-weight: 400;\" aria-level=\"2\"><span style=\"font-weight: 400;\"><strong>Flexibilidad y compromiso:<\/strong> Nos adaptamos a tus necesidades espec\u00edficas para que t\u00fa te enfoques en lo que importa: destacar en el evento.<\/span><\/li>\n<\/ul>\n<p><span style=\"font-weight: 400;\">Aseg\u00farate de tener el mejor equipo para el MWC 2025 Los preparativos ya est\u00e1n en marcha. No te quedes sin el soporte ideal para que tu participaci\u00f3n sea un \u00e9xito rotundo. \u00a1Contacta con nosotros para garantizar disponibilidad!<\/span><\/p>\n<p>&nbsp;<\/p>\n<p><span style=\"font-weight: 400;\">Reserva tu equipo ahora y garantiza el \u00e9xito de tu presencia en el MWC 2025.<\/span><\/p>\n","protected":false},"excerpt":{"rendered":"<p>\u00a1El Mobile World Congress vuelve a Barcelona en 2025!\u00a0 El evento m\u00e1s importante del sector tecnol\u00f3gico y m\u00f3vil, el Mobile World Congress, regresa a Barcelona en 2025. En la edici\u00f3n anterior, este evento reuni\u00f3 a m\u00e1s de 88,500 asistentes de 200 pa\u00edses y gener\u00f3 un impacto econ\u00f3mico de 350 millones de euros para la ciudad. [&hellip;]<\/p>\n","protected":false},"author":131,"featured_media":645207,"comment_status":"closed","ping_status":"open","sticky":false,"template":"","format":"standard","meta":{"footnotes":""},"categories":[84],"tags":[],"class_list":["post-645217","post","type-post","status-publish","format-standard","has-post-thumbnail","hentry","category-artlogic-ferias-es"],"yoast_head":"<!-- This site is optimized with the Yoast SEO plugin v25.7 - https:\/\/yoast.com\/wordpress\/plugins\/seo\/ -->\n<title>Prep\u00e1rate para el Mobile World Congress 2025 en Barcelona - artlogic<\/title>\n<meta name=\"description\" content=\"\u00a1El Mobile World Congress vuelve a Barcelona en 2025!\u00a0El evento m\u00e1s importante del sector tecnol\u00f3gico y m\u00f3vil, regresa a Barcelona en 2025.\" \/>\n<meta name=\"robots\" content=\"index, follow, max-snippet:-1, max-image-preview:large, max-video-preview:-1\" \/>\n<link rel=\"canonical\" href=\"https:\/\/artlogic.biz\/es\/preparate-para-el-mobile-world-congress-2025-en-barcelona\/\" \/>\n<meta property=\"og:locale\" content=\"es_ES\" \/>\n<meta property=\"og:type\" content=\"article\" \/>\n<meta property=\"og:title\" content=\"Prep\u00e1rate para el Mobile World Congress 2025 en Barcelona - artlogic\" \/>\n<meta property=\"og:description\" content=\"\u00a1El Mobile World Congress vuelve a Barcelona en 2025!\u00a0El evento m\u00e1s importante del sector tecnol\u00f3gico y m\u00f3vil, regresa a Barcelona en 2025.\" \/>\n<meta property=\"og:url\" content=\"https:\/\/artlogic.biz\/es\/preparate-para-el-mobile-world-congress-2025-en-barcelona\/\" \/>\n<meta property=\"og:site_name\" content=\"artlogic\" \/>\n<meta property=\"article:published_time\" content=\"2024-12-10T12:31:53+00:00\" \/>\n<meta property=\"article:modified_time\" content=\"2024-12-10T12:32:36+00:00\" \/>\n<meta property=\"og:image\" content=\"https:\/\/artlogic.biz\/wp-content\/uploads\/Mobile-World-Congress-2025.png\" \/>\n\t<meta property=\"og:image:width\" content=\"1200\" \/>\n\t<meta property=\"og:image:height\" content=\"630\" \/>\n\t<meta property=\"og:image:type\" content=\"image\/png\" \/>\n<meta name=\"author\" content=\"maria.carrasco\" \/>\n<meta name=\"twitter:card\" content=\"summary_large_image\" \/>\n<meta name=\"twitter:label1\" content=\"Escrito por\" \/>\n\t<meta name=\"twitter:data1\" content=\"maria.carrasco\" \/>\n\t<meta name=\"twitter:label2\" content=\"Tiempo de lectura\" \/>\n\t<meta name=\"twitter:data2\" content=\"2 minutos\" \/>\n<script type=\"application\/ld+json\" class=\"yoast-schema-graph\">{\"@context\":\"https:\/\/schema.org\",\"@graph\":[{\"@type\":\"WebPage\",\"@id\":\"https:\/\/artlogic.biz\/es\/preparate-para-el-mobile-world-congress-2025-en-barcelona\/\",\"url\":\"https:\/\/artlogic.biz\/es\/preparate-para-el-mobile-world-congress-2025-en-barcelona\/\",\"name\":\"Prep\u00e1rate para el Mobile World Congress 2025 en Barcelona - artlogic\",\"isPartOf\":{\"@id\":\"https:\/\/artlogic.biz\/es\/#website\"},\"primaryImageOfPage\":{\"@id\":\"https:\/\/artlogic.biz\/es\/preparate-para-el-mobile-world-congress-2025-en-barcelona\/#primaryimage\"},\"image\":{\"@id\":\"https:\/\/artlogic.biz\/es\/preparate-para-el-mobile-world-congress-2025-en-barcelona\/#primaryimage\"},\"thumbnailUrl\":\"https:\/\/artlogic.biz\/wp-content\/uploads\/Mobile-World-Congress-2025.png\",\"datePublished\":\"2024-12-10T12:31:53+00:00\",\"dateModified\":\"2024-12-10T12:32:36+00:00\",\"author\":{\"@id\":\"https:\/\/artlogic.biz\/es\/#\/schema\/person\/cfdd2cff2a87d898f1db3589e9028932\"},\"description\":\"\u00a1El Mobile World Congress vuelve a Barcelona en 2025!\u00a0El evento m\u00e1s importante del sector tecnol\u00f3gico y m\u00f3vil, regresa a Barcelona en 2025.\",\"breadcrumb\":{\"@id\":\"https:\/\/artlogic.biz\/es\/preparate-para-el-mobile-world-congress-2025-en-barcelona\/#breadcrumb\"},\"inLanguage\":\"es\",\"potentialAction\":[{\"@type\":\"ReadAction\",\"target\":[\"https:\/\/artlogic.biz\/es\/preparate-para-el-mobile-world-congress-2025-en-barcelona\/\"]}]},{\"@type\":\"ImageObject\",\"inLanguage\":\"es\",\"@id\":\"https:\/\/artlogic.biz\/es\/preparate-para-el-mobile-world-congress-2025-en-barcelona\/#primaryimage\",\"url\":\"https:\/\/artlogic.biz\/wp-content\/uploads\/Mobile-World-Congress-2025.png\",\"contentUrl\":\"https:\/\/artlogic.biz\/wp-content\/uploads\/Mobile-World-Congress-2025.png\",\"width\":1200,\"height\":630,\"caption\":\"Mobile World Congress 2025\"},{\"@type\":\"BreadcrumbList\",\"@id\":\"https:\/\/artlogic.biz\/es\/preparate-para-el-mobile-world-congress-2025-en-barcelona\/#breadcrumb\",\"itemListElement\":[{\"@type\":\"ListItem\",\"position\":1,\"name\":\"Home\",\"item\":\"https:\/\/artlogic.biz\/es\/\"},{\"@type\":\"ListItem\",\"position\":2,\"name\":\"Prep\u00e1rate para el Mobile World Congress 2025 en Barcelona\"}]},{\"@type\":\"WebSite\",\"@id\":\"https:\/\/artlogic.biz\/es\/#website\",\"url\":\"https:\/\/artlogic.biz\/es\/\",\"name\":\"artlogic\",\"description\":\"\",\"potentialAction\":[{\"@type\":\"SearchAction\",\"target\":{\"@type\":\"EntryPoint\",\"urlTemplate\":\"https:\/\/artlogic.biz\/es\/?s={search_term_string}\"},\"query-input\":{\"@type\":\"PropertyValueSpecification\",\"valueRequired\":true,\"valueName\":\"search_term_string\"}}],\"inLanguage\":\"es\"},{\"@type\":\"Person\",\"@id\":\"https:\/\/artlogic.biz\/es\/#\/schema\/person\/cfdd2cff2a87d898f1db3589e9028932\",\"name\":\"maria.carrasco\"}]}<\/script>\n<!-- \/ Yoast SEO plugin. -->","yoast_head_json":{"title":"Prep\u00e1rate para el Mobile World Congress 2025 en Barcelona - artlogic","description":"\u00a1El Mobile World Congress vuelve a Barcelona en 2025!\u00a0El evento m\u00e1s importante del sector tecnol\u00f3gico y m\u00f3vil, regresa a Barcelona en 2025.","robots":{"index":"index","follow":"follow","max-snippet":"max-snippet:-1","max-image-preview":"max-image-preview:large","max-video-preview":"max-video-preview:-1"},"canonical":"https:\/\/artlogic.biz\/es\/preparate-para-el-mobile-world-congress-2025-en-barcelona\/","og_locale":"es_ES","og_type":"article","og_title":"Prep\u00e1rate para el Mobile World Congress 2025 en Barcelona - artlogic","og_description":"\u00a1El Mobile World Congress vuelve a Barcelona en 2025!\u00a0El evento m\u00e1s importante del sector tecnol\u00f3gico y m\u00f3vil, regresa a Barcelona en 2025.","og_url":"https:\/\/artlogic.biz\/es\/preparate-para-el-mobile-world-congress-2025-en-barcelona\/","og_site_name":"artlogic","article_published_time":"2024-12-10T12:31:53+00:00","article_modified_time":"2024-12-10T12:32:36+00:00","og_image":[{"width":1200,"height":630,"url":"https:\/\/artlogic.biz\/wp-content\/uploads\/Mobile-World-Congress-2025.png","type":"image\/png"}],"author":"maria.carrasco","twitter_card":"summary_large_image","twitter_misc":{"Escrito por":"maria.carrasco","Tiempo de lectura":"2 minutos"},"schema":{"@context":"https:\/\/schema.org","@graph":[{"@type":"WebPage","@id":"https:\/\/artlogic.biz\/es\/preparate-para-el-mobile-world-congress-2025-en-barcelona\/","url":"https:\/\/artlogic.biz\/es\/preparate-para-el-mobile-world-congress-2025-en-barcelona\/","name":"Prep\u00e1rate para el Mobile World Congress 2025 en Barcelona - artlogic","isPartOf":{"@id":"https:\/\/artlogic.biz\/es\/#website"},"primaryImageOfPage":{"@id":"https:\/\/artlogic.biz\/es\/preparate-para-el-mobile-world-congress-2025-en-barcelona\/#primaryimage"},"image":{"@id":"https:\/\/artlogic.biz\/es\/preparate-para-el-mobile-world-congress-2025-en-barcelona\/#primaryimage"},"thumbnailUrl":"https:\/\/artlogic.biz\/wp-content\/uploads\/Mobile-World-Congress-2025.png","datePublished":"2024-12-10T12:31:53+00:00","dateModified":"2024-12-10T12:32:36+00:00","author":{"@id":"https:\/\/artlogic.biz\/es\/#\/schema\/person\/cfdd2cff2a87d898f1db3589e9028932"},"description":"\u00a1El Mobile World Congress vuelve a Barcelona en 2025!\u00a0El evento m\u00e1s importante del sector tecnol\u00f3gico y m\u00f3vil, regresa a Barcelona en 2025.","breadcrumb":{"@id":"https:\/\/artlogic.biz\/es\/preparate-para-el-mobile-world-congress-2025-en-barcelona\/#breadcrumb"},"inLanguage":"es","potentialAction":[{"@type":"ReadAction","target":["https:\/\/artlogic.biz\/es\/preparate-para-el-mobile-world-congress-2025-en-barcelona\/"]}]},{"@type":"ImageObject","inLanguage":"es","@id":"https:\/\/artlogic.biz\/es\/preparate-para-el-mobile-world-congress-2025-en-barcelona\/#primaryimage","url":"https:\/\/artlogic.biz\/wp-content\/uploads\/Mobile-World-Congress-2025.png","contentUrl":"https:\/\/artlogic.biz\/wp-content\/uploads\/Mobile-World-Congress-2025.png","width":1200,"height":630,"caption":"Mobile World Congress 2025"},{"@type":"BreadcrumbList","@id":"https:\/\/artlogic.biz\/es\/preparate-para-el-mobile-world-congress-2025-en-barcelona\/#breadcrumb","itemListElement":[{"@type":"ListItem","position":1,"name":"Home","item":"https:\/\/artlogic.biz\/es\/"},{"@type":"ListItem","position":2,"name":"Prep\u00e1rate para el Mobile World Congress 2025 en Barcelona"}]},{"@type":"WebSite","@id":"https:\/\/artlogic.biz\/es\/#website","url":"https:\/\/artlogic.biz\/es\/","name":"artlogic","description":"","potentialAction":[{"@type":"SearchAction","target":{"@type":"EntryPoint","urlTemplate":"https:\/\/artlogic.biz\/es\/?s={search_term_string}"},"query-input":{"@type":"PropertyValueSpecification","valueRequired":true,"valueName":"search_term_string"}}],"inLanguage":"es"},{"@type":"Person","@id":"https:\/\/artlogic.biz\/es\/#\/schema\/person\/cfdd2cff2a87d898f1db3589e9028932","name":"maria.carrasco"}]}},"_links":{"self":[{"href":"https:\/\/artlogic.biz\/es\/wp-json\/wp\/v2\/posts\/645217","targetHints":{"allow":["GET"]}}],"collection":[{"href":"https:\/\/artlogic.biz\/es\/wp-json\/wp\/v2\/posts"}],"about":[{"href":"https:\/\/artlogic.biz\/es\/wp-json\/wp\/v2\/types\/post"}],"author":[{"embeddable":true,"href":"https:\/\/artlogic.biz\/es\/wp-json\/wp\/v2\/users\/131"}],"replies":[{"embeddable":true,"href":"https:\/\/artlogic.biz\/es\/wp-json\/wp\/v2\/comments?post=645217"}],"version-history":[{"count":3,"href":"https:\/\/artlogic.biz\/es\/wp-json\/wp\/v2\/posts\/645217\/revisions"}],"predecessor-version":[{"id":647212,"href":"https:\/\/artlogic.biz\/es\/wp-json\/wp\/v2\/posts\/645217\/revisions\/647212"}],"wp:featuredmedia":[{"embeddable":true,"href":"https:\/\/artlogic.biz\/es\/wp-json\/wp\/v2\/media\/645207"}],"wp:attachment":[{"href":"https:\/\/artlogic.biz\/es\/wp-json\/wp\/v2\/media?parent=645217"}],"wp:term":[{"taxonomy":"category","embeddable":true,"href":"https:\/\/artlogic.biz\/es\/wp-json\/wp\/v2\/categories?post=645217"},{"taxonomy":"post_tag","embeddable":true,"href":"https:\/\/artlogic.biz\/es\/wp-json\/wp\/v2\/tags?post=645217"}],"curies":[{"name":"wp","href":"https:\/\/api.w.org\/{rel}","templated":true}]}}