{"id":633037,"date":"2024-08-29T10:40:58","date_gmt":"2024-08-29T08:40:58","guid":{"rendered":"https:\/\/artlogic.biz\/?p=633037"},"modified":"2024-08-29T10:48:49","modified_gmt":"2024-08-29T08:48:49","slug":"conoce-a-elisa-maroto","status":"publish","type":"post","link":"https:\/\/artlogic.biz\/es\/conoce-a-elisa-maroto\/","title":{"rendered":"Conoce a Elisa Maroto"},"content":{"rendered":"<p>Os presentamos a Elisa Maroto, responsable del Departamento de Recursos Humanos.<\/p>\n<p>Elisa empez\u00f3 con nosotros en el 2022 como Payroll Manager, pero su compromiso y profesionalidad ha hecho que crezca a pasos agigantados.<\/p>\n<p>Es una persona muy emp\u00e1tica, organizada, y defiende los procesos a capa y espada. Es por eso que es clave para gestionar todos los recursos que conforman artlogic.<\/p>\n<p>Adem\u00e1s, es una Psic\u00f3loga experta en Comunicaci\u00f3n no verbal.<br \/>\n\u00a1Te mira y te analiza!<\/p>\n<p>Su pel\u00edcula favorita es Grease, y es por eso que va \u2018\u2019Como un rayo\u2019\u2019 revisando convenios y documentaci\u00f3n.<\/p>\n<p>Su color favorito es el azul, y le representa a la perfecci\u00f3n: Libertad, lealtad, armon\u00eda, verdad y seriedad. Todo eso es Eli.<\/p>\n<p>Como \u2018una Escorpio muy Escorpio\u2019, Elisa tiene mucha imaginaci\u00f3n e intuici\u00f3n, adem\u00e1s de una gran capacidad para el an\u00e1lisis, fuerza de voluntad y firmeza, aunque tambi\u00e9n es muy sensible y emocional consigo misma y con el entorno. \u00bfC\u00f3mo no se le va a dar bien su trabajo?<\/p>\n<p>Es amante de \u2018El Barrio&#8217; y de decir refranes con m\u00e1s a\u00f1os que el Sol. Su arte no deja de sorprendernos.<\/p>\n<p>Elisa, estamos muy orgullosos de tenerte en la familia, gracias por todo lo que aportas.<\/p>\n","protected":false},"excerpt":{"rendered":"<p>Os presentamos a Elisa Maroto, responsable del Departamento de Recursos Humanos. Elisa empez\u00f3 con nosotros en el 2022 como Payroll Manager, pero su compromiso y profesionalidad ha hecho que crezca a pasos agigantados. Es una persona muy emp\u00e1tica, organizada, y defiende los procesos a capa y espada. Es por eso que es clave para gestionar [&hellip;]<\/p>\n","protected":false},"author":131,"featured_media":633020,"comment_status":"closed","ping_status":"open","sticky":false,"template":"","format":"standard","meta":{"footnotes":""},"categories":[8],"tags":[],"class_list":["post-633037","post","type-post","status-publish","format-standard","has-post-thumbnail","hentry","category-general-es"],"yoast_head":"<!-- This site is optimized with the Yoast SEO plugin v25.7 - https:\/\/yoast.com\/wordpress\/plugins\/seo\/ -->\n<title>Conoce a Elisa Maroto - artlogic<\/title>\n<meta name=\"description\" content=\"Os presentamos a Elisa Maroto, responsable del Departamento de Recursos Humanos en artlogic.\" \/>\n<meta name=\"robots\" content=\"index, follow, max-snippet:-1, max-image-preview:large, max-video-preview:-1\" \/>\n<link rel=\"canonical\" href=\"https:\/\/artlogic.biz\/es\/conoce-a-elisa-maroto\/\" \/>\n<meta property=\"og:locale\" content=\"es_ES\" \/>\n<meta property=\"og:type\" content=\"article\" \/>\n<meta property=\"og:title\" content=\"Conoce a Elisa Maroto - artlogic\" \/>\n<meta property=\"og:description\" content=\"Os presentamos a Elisa Maroto, responsable del Departamento de Recursos Humanos en artlogic.\" \/>\n<meta property=\"og:url\" content=\"https:\/\/artlogic.biz\/es\/conoce-a-elisa-maroto\/\" \/>\n<meta property=\"og:site_name\" content=\"artlogic\" \/>\n<meta property=\"article:published_time\" content=\"2024-08-29T08:40:58+00:00\" \/>\n<meta property=\"article:modified_time\" content=\"2024-08-29T08:48:49+00:00\" \/>\n<meta property=\"og:image\" content=\"https:\/\/artlogic.biz\/wp-content\/uploads\/CM-ELISA-MAROTO.png\" \/>\n\t<meta property=\"og:image:width\" content=\"1200\" \/>\n\t<meta property=\"og:image:height\" content=\"630\" \/>\n\t<meta property=\"og:image:type\" content=\"image\/png\" \/>\n<meta name=\"author\" content=\"maria.carrasco\" \/>\n<meta name=\"twitter:card\" content=\"summary_large_image\" \/>\n<meta name=\"twitter:label1\" content=\"Escrito por\" \/>\n\t<meta name=\"twitter:data1\" content=\"maria.carrasco\" \/>\n\t<meta name=\"twitter:label2\" content=\"Tiempo de lectura\" \/>\n\t<meta name=\"twitter:data2\" content=\"1 minuto\" \/>\n<script type=\"application\/ld+json\" class=\"yoast-schema-graph\">{\"@context\":\"https:\/\/schema.org\",\"@graph\":[{\"@type\":\"WebPage\",\"@id\":\"https:\/\/artlogic.biz\/es\/conoce-a-elisa-maroto\/\",\"url\":\"https:\/\/artlogic.biz\/es\/conoce-a-elisa-maroto\/\",\"name\":\"Conoce a Elisa Maroto - artlogic\",\"isPartOf\":{\"@id\":\"https:\/\/artlogic.biz\/es\/#website\"},\"primaryImageOfPage\":{\"@id\":\"https:\/\/artlogic.biz\/es\/conoce-a-elisa-maroto\/#primaryimage\"},\"image\":{\"@id\":\"https:\/\/artlogic.biz\/es\/conoce-a-elisa-maroto\/#primaryimage\"},\"thumbnailUrl\":\"https:\/\/artlogic.biz\/wp-content\/uploads\/CM-ELISA-MAROTO.png\",\"datePublished\":\"2024-08-29T08:40:58+00:00\",\"dateModified\":\"2024-08-29T08:48:49+00:00\",\"author\":{\"@id\":\"https:\/\/artlogic.biz\/es\/#\/schema\/person\/cfdd2cff2a87d898f1db3589e9028932\"},\"description\":\"Os presentamos a Elisa Maroto, responsable del Departamento de Recursos Humanos en artlogic.\",\"breadcrumb\":{\"@id\":\"https:\/\/artlogic.biz\/es\/conoce-a-elisa-maroto\/#breadcrumb\"},\"inLanguage\":\"es\",\"potentialAction\":[{\"@type\":\"ReadAction\",\"target\":[\"https:\/\/artlogic.biz\/es\/conoce-a-elisa-maroto\/\"]}]},{\"@type\":\"ImageObject\",\"inLanguage\":\"es\",\"@id\":\"https:\/\/artlogic.biz\/es\/conoce-a-elisa-maroto\/#primaryimage\",\"url\":\"https:\/\/artlogic.biz\/wp-content\/uploads\/CM-ELISA-MAROTO.png\",\"contentUrl\":\"https:\/\/artlogic.biz\/wp-content\/uploads\/CM-ELISA-MAROTO.png\",\"width\":1200,\"height\":630},{\"@type\":\"BreadcrumbList\",\"@id\":\"https:\/\/artlogic.biz\/es\/conoce-a-elisa-maroto\/#breadcrumb\",\"itemListElement\":[{\"@type\":\"ListItem\",\"position\":1,\"name\":\"Home\",\"item\":\"https:\/\/artlogic.biz\/es\/\"},{\"@type\":\"ListItem\",\"position\":2,\"name\":\"Conoce a Elisa Maroto\"}]},{\"@type\":\"WebSite\",\"@id\":\"https:\/\/artlogic.biz\/es\/#website\",\"url\":\"https:\/\/artlogic.biz\/es\/\",\"name\":\"artlogic\",\"description\":\"\",\"potentialAction\":[{\"@type\":\"SearchAction\",\"target\":{\"@type\":\"EntryPoint\",\"urlTemplate\":\"https:\/\/artlogic.biz\/es\/?s={search_term_string}\"},\"query-input\":{\"@type\":\"PropertyValueSpecification\",\"valueRequired\":true,\"valueName\":\"search_term_string\"}}],\"inLanguage\":\"es\"},{\"@type\":\"Person\",\"@id\":\"https:\/\/artlogic.biz\/es\/#\/schema\/person\/cfdd2cff2a87d898f1db3589e9028932\",\"name\":\"maria.carrasco\"}]}<\/script>\n<!-- \/ Yoast SEO plugin. -->","yoast_head_json":{"title":"Conoce a Elisa Maroto - artlogic","description":"Os presentamos a Elisa Maroto, responsable del Departamento de Recursos Humanos en artlogic.","robots":{"index":"index","follow":"follow","max-snippet":"max-snippet:-1","max-image-preview":"max-image-preview:large","max-video-preview":"max-video-preview:-1"},"canonical":"https:\/\/artlogic.biz\/es\/conoce-a-elisa-maroto\/","og_locale":"es_ES","og_type":"article","og_title":"Conoce a Elisa Maroto - artlogic","og_description":"Os presentamos a Elisa Maroto, responsable del Departamento de Recursos Humanos en artlogic.","og_url":"https:\/\/artlogic.biz\/es\/conoce-a-elisa-maroto\/","og_site_name":"artlogic","article_published_time":"2024-08-29T08:40:58+00:00","article_modified_time":"2024-08-29T08:48:49+00:00","og_image":[{"width":1200,"height":630,"url":"https:\/\/artlogic.biz\/wp-content\/uploads\/CM-ELISA-MAROTO.png","type":"image\/png"}],"author":"maria.carrasco","twitter_card":"summary_large_image","twitter_misc":{"Escrito por":"maria.carrasco","Tiempo de lectura":"1 minuto"},"schema":{"@context":"https:\/\/schema.org","@graph":[{"@type":"WebPage","@id":"https:\/\/artlogic.biz\/es\/conoce-a-elisa-maroto\/","url":"https:\/\/artlogic.biz\/es\/conoce-a-elisa-maroto\/","name":"Conoce a Elisa Maroto - artlogic","isPartOf":{"@id":"https:\/\/artlogic.biz\/es\/#website"},"primaryImageOfPage":{"@id":"https:\/\/artlogic.biz\/es\/conoce-a-elisa-maroto\/#primaryimage"},"image":{"@id":"https:\/\/artlogic.biz\/es\/conoce-a-elisa-maroto\/#primaryimage"},"thumbnailUrl":"https:\/\/artlogic.biz\/wp-content\/uploads\/CM-ELISA-MAROTO.png","datePublished":"2024-08-29T08:40:58+00:00","dateModified":"2024-08-29T08:48:49+00:00","author":{"@id":"https:\/\/artlogic.biz\/es\/#\/schema\/person\/cfdd2cff2a87d898f1db3589e9028932"},"description":"Os presentamos a Elisa Maroto, responsable del Departamento de Recursos Humanos en artlogic.","breadcrumb":{"@id":"https:\/\/artlogic.biz\/es\/conoce-a-elisa-maroto\/#breadcrumb"},"inLanguage":"es","potentialAction":[{"@type":"ReadAction","target":["https:\/\/artlogic.biz\/es\/conoce-a-elisa-maroto\/"]}]},{"@type":"ImageObject","inLanguage":"es","@id":"https:\/\/artlogic.biz\/es\/conoce-a-elisa-maroto\/#primaryimage","url":"https:\/\/artlogic.biz\/wp-content\/uploads\/CM-ELISA-MAROTO.png","contentUrl":"https:\/\/artlogic.biz\/wp-content\/uploads\/CM-ELISA-MAROTO.png","width":1200,"height":630},{"@type":"BreadcrumbList","@id":"https:\/\/artlogic.biz\/es\/conoce-a-elisa-maroto\/#breadcrumb","itemListElement":[{"@type":"ListItem","position":1,"name":"Home","item":"https:\/\/artlogic.biz\/es\/"},{"@type":"ListItem","position":2,"name":"Conoce a Elisa Maroto"}]},{"@type":"WebSite","@id":"https:\/\/artlogic.biz\/es\/#website","url":"https:\/\/artlogic.biz\/es\/","name":"artlogic","description":"","potentialAction":[{"@type":"SearchAction","target":{"@type":"EntryPoint","urlTemplate":"https:\/\/artlogic.biz\/es\/?s={search_term_string}"},"query-input":{"@type":"PropertyValueSpecification","valueRequired":true,"valueName":"search_term_string"}}],"inLanguage":"es"},{"@type":"Person","@id":"https:\/\/artlogic.biz\/es\/#\/schema\/person\/cfdd2cff2a87d898f1db3589e9028932","name":"maria.carrasco"}]}},"_links":{"self":[{"href":"https:\/\/artlogic.biz\/es\/wp-json\/wp\/v2\/posts\/633037","targetHints":{"allow":["GET"]}}],"collection":[{"href":"https:\/\/artlogic.biz\/es\/wp-json\/wp\/v2\/posts"}],"about":[{"href":"https:\/\/artlogic.biz\/es\/wp-json\/wp\/v2\/types\/post"}],"author":[{"embeddable":true,"href":"https:\/\/artlogic.biz\/es\/wp-json\/wp\/v2\/users\/131"}],"replies":[{"embeddable":true,"href":"https:\/\/artlogic.biz\/es\/wp-json\/wp\/v2\/comments?post=633037"}],"version-history":[{"count":2,"href":"https:\/\/artlogic.biz\/es\/wp-json\/wp\/v2\/posts\/633037\/revisions"}],"predecessor-version":[{"id":633062,"href":"https:\/\/artlogic.biz\/es\/wp-json\/wp\/v2\/posts\/633037\/revisions\/633062"}],"wp:featuredmedia":[{"embeddable":true,"href":"https:\/\/artlogic.biz\/es\/wp-json\/wp\/v2\/media\/633020"}],"wp:attachment":[{"href":"https:\/\/artlogic.biz\/es\/wp-json\/wp\/v2\/media?parent=633037"}],"wp:term":[{"taxonomy":"category","embeddable":true,"href":"https:\/\/artlogic.biz\/es\/wp-json\/wp\/v2\/categories?post=633037"},{"taxonomy":"post_tag","embeddable":true,"href":"https:\/\/artlogic.biz\/es\/wp-json\/wp\/v2\/tags?post=633037"}],"curies":[{"name":"wp","href":"https:\/\/api.w.org\/{rel}","templated":true}]}}