{"id":592327,"date":"2024-05-20T14:01:57","date_gmt":"2024-05-20T12:01:57","guid":{"rendered":"https:\/\/artlogic.biz\/?p=592327"},"modified":"2024-05-20T14:02:08","modified_gmt":"2024-05-20T12:02:08","slug":"kultursommer-2024-artlogic-apoya-los-principales-festivales-culturales","status":"publish","type":"post","link":"https:\/\/artlogic.biz\/es\/kultursommer-2024-artlogic-apoya-los-principales-festivales-culturales\/","title":{"rendered":"Kultursommer 2024: artlogic apoya los principales festivales culturales"},"content":{"rendered":"<div>Una vez m\u00e1s, apoyamos a dos de los mayores festivales culturales de Europa con diversos equipos y funciones para dos clientes de larga tradici\u00f3n durante todo el verano.<\/div>\n<div>Tanto el \u00abRuhrfestspiele Recklinghausen\u00bb como el \u00abRuhrtriennale &#8211; Festival der K\u00fcnste\u00bb han vuelto a confiar en nosotros para apoyar sus temporadas este a\u00f1o.<\/div>\n<div><\/div>\n<div>El \u00abRuhrfestspiele\u00bb es el festival de teatro m\u00e1s antiguo de Europa. El objetivo del Festival del Ruhr siempre ha sido acercar culturas y formas de arte. Este a\u00f1o se celebrar\u00e1 del 1 de mayo al 8 de junio de 2024, y lleva como lema \u00abPlacer y p\u00e9rdida\u00bb. Desde 2002, el festival anual de arte \u00abRuhrtriennale\u00bb re\u00fane teatro, danza, performance, literatura, instalaciones y conciertos. El amplio programa tiene lugar en nueve monumentos industriales de la regi\u00f3n del Rin-Ruhr.<\/div>\n<div><\/div>\n<div>Ya se ha anunciado el periodo festivo de la Ruhrtriennale para este verano: \u00abComienza el viernes 16 de agosto y termina el 15 de septiembre. Durante cuatro semanas y media, los antiguos monumentos industriales de la regi\u00f3n del Ruhr acoger\u00e1n producciones interdisciplinares de teatro, teatro musical, conciertos, danza, performance, instalaci\u00f3n, literatura y di\u00e1logo\u00bb, seg\u00fan el anuncio.<\/div>\n<div><\/div>\n<div>Con su gran n\u00famero de actos y la diversidad de sus sedes, ambos festivales suponen un reto log\u00edstico para nosotros y el equipo. No obstante, estamos encantados de poder enviar a nuestros stagehands, asistentes t\u00e9cnicos, conductores de carretillas elevadoras y t\u00e9cnicos a realizar labores tan interesantes como las que ofrecen estos festivales.<\/div>\n<div>https:\/\/www.ruhrfestspiele.de\/en\/<\/div>\n<div>https:\/\/www.ruhrtriennale.de\/en<\/div>\n","protected":false},"excerpt":{"rendered":"<p>Una vez m\u00e1s, apoyamos a dos de los mayores festivales culturales de Europa con diversos equipos y funciones para dos clientes de larga tradici\u00f3n durante todo el verano. Tanto el \u00abRuhrfestspiele Recklinghausen\u00bb como el \u00abRuhrtriennale &#8211; Festival der K\u00fcnste\u00bb han vuelto a confiar en nosotros para apoyar sus temporadas este a\u00f1o. El \u00abRuhrfestspiele\u00bb es el [&hellip;]<\/p>\n","protected":false},"author":131,"featured_media":339043,"comment_status":"closed","ping_status":"open","sticky":false,"template":"","format":"standard","meta":{"footnotes":""},"categories":[86,8],"tags":[],"class_list":["post-592327","post","type-post","status-publish","format-standard","has-post-thumbnail","hentry","category-artlogic-international-es","category-general-es"],"yoast_head":"<!-- This site is optimized with the Yoast SEO plugin v25.7 - https:\/\/yoast.com\/wordpress\/plugins\/seo\/ -->\n<title>Kultursommer 2024: artlogic apoya los principales festivales culturales - artlogic<\/title>\n<meta name=\"description\" content=\"Una vez m\u00e1s, apoyamos a dos de los mayores festivales culturales de Europa con diversos equipos para dos clientes de larga tradici\u00f3n durante todo el verano.\" \/>\n<meta name=\"robots\" content=\"index, follow, max-snippet:-1, max-image-preview:large, max-video-preview:-1\" \/>\n<link rel=\"canonical\" href=\"https:\/\/artlogic.biz\/es\/kultursommer-2024-artlogic-apoya-los-principales-festivales-culturales\/\" \/>\n<meta property=\"og:locale\" content=\"es_ES\" \/>\n<meta property=\"og:type\" content=\"article\" \/>\n<meta property=\"og:title\" content=\"Kultursommer 2024: artlogic apoya los principales festivales culturales - artlogic\" \/>\n<meta property=\"og:description\" content=\"Una vez m\u00e1s, apoyamos a dos de los mayores festivales culturales de Europa con diversos equipos para dos clientes de larga tradici\u00f3n durante todo el verano.\" \/>\n<meta property=\"og:url\" content=\"https:\/\/artlogic.biz\/es\/kultursommer-2024-artlogic-apoya-los-principales-festivales-culturales\/\" \/>\n<meta property=\"og:site_name\" content=\"artlogic\" \/>\n<meta property=\"article:published_time\" content=\"2024-05-20T12:01:57+00:00\" \/>\n<meta property=\"article:modified_time\" content=\"2024-05-20T12:02:08+00:00\" \/>\n<meta property=\"og:image\" content=\"https:\/\/artlogic.biz\/wp-content\/uploads\/Sans-titre-22.png\" \/>\n\t<meta property=\"og:image:width\" content=\"1200\" \/>\n\t<meta property=\"og:image:height\" content=\"630\" \/>\n\t<meta property=\"og:image:type\" content=\"image\/png\" \/>\n<meta name=\"author\" content=\"maria.carrasco\" \/>\n<meta name=\"twitter:card\" content=\"summary_large_image\" \/>\n<meta name=\"twitter:label1\" content=\"Escrito por\" \/>\n\t<meta name=\"twitter:data1\" content=\"maria.carrasco\" \/>\n\t<meta name=\"twitter:label2\" content=\"Tiempo de lectura\" \/>\n\t<meta name=\"twitter:data2\" content=\"1 minuto\" \/>\n<script type=\"application\/ld+json\" class=\"yoast-schema-graph\">{\"@context\":\"https:\/\/schema.org\",\"@graph\":[{\"@type\":\"WebPage\",\"@id\":\"https:\/\/artlogic.biz\/es\/kultursommer-2024-artlogic-apoya-los-principales-festivales-culturales\/\",\"url\":\"https:\/\/artlogic.biz\/es\/kultursommer-2024-artlogic-apoya-los-principales-festivales-culturales\/\",\"name\":\"Kultursommer 2024: artlogic apoya los principales festivales culturales - artlogic\",\"isPartOf\":{\"@id\":\"https:\/\/artlogic.biz\/es\/#website\"},\"primaryImageOfPage\":{\"@id\":\"https:\/\/artlogic.biz\/es\/kultursommer-2024-artlogic-apoya-los-principales-festivales-culturales\/#primaryimage\"},\"image\":{\"@id\":\"https:\/\/artlogic.biz\/es\/kultursommer-2024-artlogic-apoya-los-principales-festivales-culturales\/#primaryimage\"},\"thumbnailUrl\":\"https:\/\/artlogic.biz\/wp-content\/uploads\/Sans-titre-22.png\",\"datePublished\":\"2024-05-20T12:01:57+00:00\",\"dateModified\":\"2024-05-20T12:02:08+00:00\",\"author\":{\"@id\":\"https:\/\/artlogic.biz\/es\/#\/schema\/person\/cfdd2cff2a87d898f1db3589e9028932\"},\"description\":\"Una vez m\u00e1s, apoyamos a dos de los mayores festivales culturales de Europa con diversos equipos para dos clientes de larga tradici\u00f3n durante todo el verano.\",\"breadcrumb\":{\"@id\":\"https:\/\/artlogic.biz\/es\/kultursommer-2024-artlogic-apoya-los-principales-festivales-culturales\/#breadcrumb\"},\"inLanguage\":\"es\",\"potentialAction\":[{\"@type\":\"ReadAction\",\"target\":[\"https:\/\/artlogic.biz\/es\/kultursommer-2024-artlogic-apoya-los-principales-festivales-culturales\/\"]}]},{\"@type\":\"ImageObject\",\"inLanguage\":\"es\",\"@id\":\"https:\/\/artlogic.biz\/es\/kultursommer-2024-artlogic-apoya-los-principales-festivales-culturales\/#primaryimage\",\"url\":\"https:\/\/artlogic.biz\/wp-content\/uploads\/Sans-titre-22.png\",\"contentUrl\":\"https:\/\/artlogic.biz\/wp-content\/uploads\/Sans-titre-22.png\",\"width\":1200,\"height\":630,\"caption\":\"Foto: Ruhrfestspiele\"},{\"@type\":\"BreadcrumbList\",\"@id\":\"https:\/\/artlogic.biz\/es\/kultursommer-2024-artlogic-apoya-los-principales-festivales-culturales\/#breadcrumb\",\"itemListElement\":[{\"@type\":\"ListItem\",\"position\":1,\"name\":\"Home\",\"item\":\"https:\/\/artlogic.biz\/es\/\"},{\"@type\":\"ListItem\",\"position\":2,\"name\":\"Kultursommer 2024: artlogic apoya los principales festivales culturales\"}]},{\"@type\":\"WebSite\",\"@id\":\"https:\/\/artlogic.biz\/es\/#website\",\"url\":\"https:\/\/artlogic.biz\/es\/\",\"name\":\"artlogic\",\"description\":\"\",\"potentialAction\":[{\"@type\":\"SearchAction\",\"target\":{\"@type\":\"EntryPoint\",\"urlTemplate\":\"https:\/\/artlogic.biz\/es\/?s={search_term_string}\"},\"query-input\":{\"@type\":\"PropertyValueSpecification\",\"valueRequired\":true,\"valueName\":\"search_term_string\"}}],\"inLanguage\":\"es\"},{\"@type\":\"Person\",\"@id\":\"https:\/\/artlogic.biz\/es\/#\/schema\/person\/cfdd2cff2a87d898f1db3589e9028932\",\"name\":\"maria.carrasco\"}]}<\/script>\n<!-- \/ Yoast SEO plugin. -->","yoast_head_json":{"title":"Kultursommer 2024: artlogic apoya los principales festivales culturales - artlogic","description":"Una vez m\u00e1s, apoyamos a dos de los mayores festivales culturales de Europa con diversos equipos para dos clientes de larga tradici\u00f3n durante todo el verano.","robots":{"index":"index","follow":"follow","max-snippet":"max-snippet:-1","max-image-preview":"max-image-preview:large","max-video-preview":"max-video-preview:-1"},"canonical":"https:\/\/artlogic.biz\/es\/kultursommer-2024-artlogic-apoya-los-principales-festivales-culturales\/","og_locale":"es_ES","og_type":"article","og_title":"Kultursommer 2024: artlogic apoya los principales festivales culturales - artlogic","og_description":"Una vez m\u00e1s, apoyamos a dos de los mayores festivales culturales de Europa con diversos equipos para dos clientes de larga tradici\u00f3n durante todo el verano.","og_url":"https:\/\/artlogic.biz\/es\/kultursommer-2024-artlogic-apoya-los-principales-festivales-culturales\/","og_site_name":"artlogic","article_published_time":"2024-05-20T12:01:57+00:00","article_modified_time":"2024-05-20T12:02:08+00:00","og_image":[{"width":1200,"height":630,"url":"https:\/\/artlogic.biz\/wp-content\/uploads\/Sans-titre-22.png","type":"image\/png"}],"author":"maria.carrasco","twitter_card":"summary_large_image","twitter_misc":{"Escrito por":"maria.carrasco","Tiempo de lectura":"1 minuto"},"schema":{"@context":"https:\/\/schema.org","@graph":[{"@type":"WebPage","@id":"https:\/\/artlogic.biz\/es\/kultursommer-2024-artlogic-apoya-los-principales-festivales-culturales\/","url":"https:\/\/artlogic.biz\/es\/kultursommer-2024-artlogic-apoya-los-principales-festivales-culturales\/","name":"Kultursommer 2024: artlogic apoya los principales festivales culturales - artlogic","isPartOf":{"@id":"https:\/\/artlogic.biz\/es\/#website"},"primaryImageOfPage":{"@id":"https:\/\/artlogic.biz\/es\/kultursommer-2024-artlogic-apoya-los-principales-festivales-culturales\/#primaryimage"},"image":{"@id":"https:\/\/artlogic.biz\/es\/kultursommer-2024-artlogic-apoya-los-principales-festivales-culturales\/#primaryimage"},"thumbnailUrl":"https:\/\/artlogic.biz\/wp-content\/uploads\/Sans-titre-22.png","datePublished":"2024-05-20T12:01:57+00:00","dateModified":"2024-05-20T12:02:08+00:00","author":{"@id":"https:\/\/artlogic.biz\/es\/#\/schema\/person\/cfdd2cff2a87d898f1db3589e9028932"},"description":"Una vez m\u00e1s, apoyamos a dos de los mayores festivales culturales de Europa con diversos equipos para dos clientes de larga tradici\u00f3n durante todo el verano.","breadcrumb":{"@id":"https:\/\/artlogic.biz\/es\/kultursommer-2024-artlogic-apoya-los-principales-festivales-culturales\/#breadcrumb"},"inLanguage":"es","potentialAction":[{"@type":"ReadAction","target":["https:\/\/artlogic.biz\/es\/kultursommer-2024-artlogic-apoya-los-principales-festivales-culturales\/"]}]},{"@type":"ImageObject","inLanguage":"es","@id":"https:\/\/artlogic.biz\/es\/kultursommer-2024-artlogic-apoya-los-principales-festivales-culturales\/#primaryimage","url":"https:\/\/artlogic.biz\/wp-content\/uploads\/Sans-titre-22.png","contentUrl":"https:\/\/artlogic.biz\/wp-content\/uploads\/Sans-titre-22.png","width":1200,"height":630,"caption":"Foto: Ruhrfestspiele"},{"@type":"BreadcrumbList","@id":"https:\/\/artlogic.biz\/es\/kultursommer-2024-artlogic-apoya-los-principales-festivales-culturales\/#breadcrumb","itemListElement":[{"@type":"ListItem","position":1,"name":"Home","item":"https:\/\/artlogic.biz\/es\/"},{"@type":"ListItem","position":2,"name":"Kultursommer 2024: artlogic apoya los principales festivales culturales"}]},{"@type":"WebSite","@id":"https:\/\/artlogic.biz\/es\/#website","url":"https:\/\/artlogic.biz\/es\/","name":"artlogic","description":"","potentialAction":[{"@type":"SearchAction","target":{"@type":"EntryPoint","urlTemplate":"https:\/\/artlogic.biz\/es\/?s={search_term_string}"},"query-input":{"@type":"PropertyValueSpecification","valueRequired":true,"valueName":"search_term_string"}}],"inLanguage":"es"},{"@type":"Person","@id":"https:\/\/artlogic.biz\/es\/#\/schema\/person\/cfdd2cff2a87d898f1db3589e9028932","name":"maria.carrasco"}]}},"_links":{"self":[{"href":"https:\/\/artlogic.biz\/es\/wp-json\/wp\/v2\/posts\/592327","targetHints":{"allow":["GET"]}}],"collection":[{"href":"https:\/\/artlogic.biz\/es\/wp-json\/wp\/v2\/posts"}],"about":[{"href":"https:\/\/artlogic.biz\/es\/wp-json\/wp\/v2\/types\/post"}],"author":[{"embeddable":true,"href":"https:\/\/artlogic.biz\/es\/wp-json\/wp\/v2\/users\/131"}],"replies":[{"embeddable":true,"href":"https:\/\/artlogic.biz\/es\/wp-json\/wp\/v2\/comments?post=592327"}],"version-history":[{"count":2,"href":"https:\/\/artlogic.biz\/es\/wp-json\/wp\/v2\/posts\/592327\/revisions"}],"predecessor-version":[{"id":592345,"href":"https:\/\/artlogic.biz\/es\/wp-json\/wp\/v2\/posts\/592327\/revisions\/592345"}],"wp:featuredmedia":[{"embeddable":true,"href":"https:\/\/artlogic.biz\/es\/wp-json\/wp\/v2\/media\/339043"}],"wp:attachment":[{"href":"https:\/\/artlogic.biz\/es\/wp-json\/wp\/v2\/media?parent=592327"}],"wp:term":[{"taxonomy":"category","embeddable":true,"href":"https:\/\/artlogic.biz\/es\/wp-json\/wp\/v2\/categories?post=592327"},{"taxonomy":"post_tag","embeddable":true,"href":"https:\/\/artlogic.biz\/es\/wp-json\/wp\/v2\/tags?post=592327"}],"curies":[{"name":"wp","href":"https:\/\/api.w.org\/{rel}","templated":true}]}}