{"id":576938,"date":"2024-04-03T12:29:32","date_gmt":"2024-04-03T10:29:32","guid":{"rendered":"https:\/\/artlogic.biz\/?p=576938"},"modified":"2024-04-03T12:29:32","modified_gmt":"2024-04-03T10:29:32","slug":"merel-kuilder-se-une-a-artlogic-paises-bajos-como-branch-manager","status":"publish","type":"post","link":"https:\/\/artlogic.biz\/es\/merel-kuilder-se-une-a-artlogic-paises-bajos-como-branch-manager\/","title":{"rendered":"Merel Kuilder se une a artlogic Pa\u00edses Bajos como Branch Manager"},"content":{"rendered":"<p><span style=\"font-weight: 400;\">Tras el fuerte golpe de la pandemia, artlogic puso el foco en el crecimiento en los Pa\u00edses Bajos.<\/span><\/p>\n<p><span style=\"font-weight: 400;\"><br \/>\n<\/span><span style=\"font-weight: 400;\">La incorporaci\u00f3n de Merel Kuilder es significativa para artlogic, ya que la compa\u00f1\u00eda dirige estrat\u00e9gicamente sus esfuerzos hacia la expansi\u00f3n en los Pa\u00edses Bajos en medio de los desaf\u00edos planteados por la pandemia global. Con una gran experiencia y pasi\u00f3n por la industria de eventos, Merel aporta una energ\u00eda din\u00e1mica al equipo.<\/span><\/p>\n<p><span style=\"font-weight: 400;\">Antes de unirse a artlogic, Merel trabaj\u00f3 como Gerente de Personal y Planificaci\u00f3n en Eventcare y desempe\u00f1\u00f3 un importante papel en la asociaci\u00f3n estrat\u00e9gica de artlogic y Eventcare. <\/span><a href=\"https:\/\/artlogic.biz\/en-nl\/artlogic-netherlands-takes-over-crew-business-from-eventcare\/\"><span style=\"font-weight: 400;\">(Leer m\u00e1s aqu\u00ed)\u00a0<\/span><\/a><\/p>\n<p><span style=\"font-weight: 400;\">Fuera del trabajo, los intereses de Merel se alinean estrechamente con la vibrante industria de eventos, ya que disfruta asistiendo a conciertos, festivales y actuaciones teatrales para apreciar el trabajo de diversos artistas.\u00a0<\/span><\/p>\n<p><span style=\"font-weight: 400;\">Cuando se le pregunt\u00f3 sobre sus sensaciones por el nuevo cargo, Merel expres\u00f3 entusiasmo por la oportunidad de contribuir a una importante empresa de personal europea y destac\u00f3 el potencial de crecimiento y avance, no solo para artlogic sino tambi\u00e9n para sus miembros del equipo.<\/span><\/p>\n<p><span style=\"font-weight: 400;\">Reflexionando sobre proyectos memorables, Merel cit\u00f3 a LagoLago como especialmente impactante, mostrando la amplitud de experiencias que Eventcare ofrece a sus clientes. Mirando hacia adelante, los objetivos de Merel para el pr\u00f3ximo a\u00f1o incluyen expandir a\u00fan m\u00e1s artlogic NL y mejorar la calidad de su personal, junto con su compa\u00f1ero Vincent.\u00a0<\/span><\/p>\n<p><span style=\"font-weight: 400;\">Con respecto a sus primeros d\u00edas con artlogic, Merel se\u00f1al\u00f3 una transici\u00f3n fluida, reconociendo el per\u00edodo de adaptaci\u00f3n mientras enfatizaba un comienzo positivo y acogedor en su andadura con la compa\u00f1\u00eda.\u00a0<\/span><\/p>\n<p><span style=\"font-weight: 400;\">\u00abEstamos encantados de dar la bienvenida a Merel Kuilder a la familia artlogic como Branch Manager para nuestras operaciones en los Pa\u00edses Bajos\u00bb, dijo Simon St\u00fcrtz, Fundador de artlogic. \u00abSu experiencia y pasi\u00f3n por la industria de eventos se alinean perfectamente con nuestra visi\u00f3n de crecimiento y excelencia en la entrega de servicios. Estamos seguros de que Merel desempe\u00f1ar\u00e1 un papel fundamental en impulsar nuestro \u00e9xito en el mercado holand\u00e9s\u00bb.<\/span><\/p>\n<p>&nbsp;<\/p>\n<p><b>Acerca de artlogic<\/b><\/p>\n<p><span style=\"font-weight: 400;\">artlogic es un proveedor de servicios de personal experimentado para la industria de medios y eventos con la misi\u00f3n de ofrecer soluciones de personal seguras, locales, rentables y sin estr\u00e9s. La columna vertebral del servicio es la soluci\u00f3n de software autodesarrollada: SquidWeb, que garantiza un procesamiento de pedidos digital fluido y transparente. La empresa ha sido reconocida por una gesti\u00f3n de personal particularmente sostenible, opera de manera neutra en carbono y es socio fundador del programa One Crew | One Tree.\u00a0<\/span><\/p>\n<p><span style=\"font-weight: 400;\">La compa\u00f1\u00eda, con sede en D\u00fcsseldorf, fue fundada en 1999 por Simon St\u00fcrtz. Hoy, artlogic est\u00e1 en Austria, B\u00e9lgica, Chipre, Francia, Alemania, Portugal, Espa\u00f1a y los Pa\u00edses Bajos y tambi\u00e9n tiene una red de empresas asociadas en otros pa\u00edses.\u00a0<\/span><\/p>\n<p>&nbsp;<\/p>\n<p><b>Contacto para preguntas<\/b><\/p>\n<p><span style=\"font-weight: 400;\">artlogic &#8211; Staffpool B.V.<\/span><\/p>\n<p><span style=\"font-weight: 400;\">Keurenplein 40 | Unit A6995<\/span><\/p>\n<p><span style=\"font-weight: 400;\">1069 Amsterdam<\/span><\/p>\n<p><span style=\"font-weight: 400;\">Tel +31 20 20 871 06<\/span><\/p>\n<p><span style=\"font-weight: 400;\">Correo electr\u00f3nico: nl.communication@artlogic.biz<\/span><\/p>\n<p><a href=\"http:\/\/www.artlogic.biz\"><span style=\"font-weight: 400;\">www.artlogic.biz<\/span><\/a><\/p>\n","protected":false},"excerpt":{"rendered":"<p>Tras el fuerte golpe de la pandemia, artlogic puso el foco en el crecimiento en los Pa\u00edses Bajos. La incorporaci\u00f3n de Merel Kuilder es significativa para artlogic, ya que la compa\u00f1\u00eda dirige estrat\u00e9gicamente sus esfuerzos hacia la expansi\u00f3n en los Pa\u00edses Bajos en medio de los desaf\u00edos planteados por la pandemia global. Con una gran [&hellip;]<\/p>\n","protected":false},"author":131,"featured_media":571151,"comment_status":"closed","ping_status":"open","sticky":false,"template":"","format":"standard","meta":{"footnotes":""},"categories":[86],"tags":[],"class_list":["post-576938","post","type-post","status-publish","format-standard","has-post-thumbnail","hentry","category-artlogic-international-es"],"yoast_head":"<!-- This site is optimized with the Yoast SEO plugin v25.7 - https:\/\/yoast.com\/wordpress\/plugins\/seo\/ -->\n<title>Merel Kuilder se une a artlogic Pa\u00edses Bajos como Branch Manager - artlogic<\/title>\n<meta name=\"description\" content=\"Conoce a Merel Kuilder, nueva incorporaci\u00f3n parsa artlogic NL como Branch Manager.\" \/>\n<meta name=\"robots\" content=\"index, follow, max-snippet:-1, max-image-preview:large, max-video-preview:-1\" \/>\n<link rel=\"canonical\" href=\"https:\/\/artlogic.biz\/es\/merel-kuilder-se-une-a-artlogic-paises-bajos-como-branch-manager\/\" \/>\n<meta property=\"og:locale\" content=\"es_ES\" \/>\n<meta property=\"og:type\" content=\"article\" \/>\n<meta property=\"og:title\" content=\"Merel Kuilder se une a artlogic Pa\u00edses Bajos como Branch Manager - artlogic\" \/>\n<meta property=\"og:description\" content=\"Conoce a Merel Kuilder, nueva incorporaci\u00f3n parsa artlogic NL como Branch Manager.\" \/>\n<meta property=\"og:url\" content=\"https:\/\/artlogic.biz\/es\/merel-kuilder-se-une-a-artlogic-paises-bajos-como-branch-manager\/\" \/>\n<meta property=\"og:site_name\" content=\"artlogic\" \/>\n<meta property=\"article:published_time\" content=\"2024-04-03T10:29:32+00:00\" \/>\n<meta property=\"og:image\" content=\"https:\/\/artlogic.biz\/wp-content\/uploads\/3-1.png\" \/>\n\t<meta property=\"og:image:width\" content=\"1200\" \/>\n\t<meta property=\"og:image:height\" content=\"630\" \/>\n\t<meta property=\"og:image:type\" content=\"image\/png\" \/>\n<meta name=\"author\" content=\"maria.carrasco\" \/>\n<meta name=\"twitter:card\" content=\"summary_large_image\" \/>\n<meta name=\"twitter:label1\" content=\"Escrito por\" \/>\n\t<meta name=\"twitter:data1\" content=\"maria.carrasco\" \/>\n\t<meta name=\"twitter:label2\" content=\"Tiempo de lectura\" \/>\n\t<meta name=\"twitter:data2\" content=\"3 minutos\" \/>\n<script type=\"application\/ld+json\" class=\"yoast-schema-graph\">{\"@context\":\"https:\/\/schema.org\",\"@graph\":[{\"@type\":\"WebPage\",\"@id\":\"https:\/\/artlogic.biz\/es\/merel-kuilder-se-une-a-artlogic-paises-bajos-como-branch-manager\/\",\"url\":\"https:\/\/artlogic.biz\/es\/merel-kuilder-se-une-a-artlogic-paises-bajos-como-branch-manager\/\",\"name\":\"Merel Kuilder se une a artlogic Pa\u00edses Bajos como Branch Manager - artlogic\",\"isPartOf\":{\"@id\":\"https:\/\/artlogic.biz\/es\/#website\"},\"primaryImageOfPage\":{\"@id\":\"https:\/\/artlogic.biz\/es\/merel-kuilder-se-une-a-artlogic-paises-bajos-como-branch-manager\/#primaryimage\"},\"image\":{\"@id\":\"https:\/\/artlogic.biz\/es\/merel-kuilder-se-une-a-artlogic-paises-bajos-como-branch-manager\/#primaryimage\"},\"thumbnailUrl\":\"https:\/\/artlogic.biz\/wp-content\/uploads\/3-1.png\",\"datePublished\":\"2024-04-03T10:29:32+00:00\",\"author\":{\"@id\":\"https:\/\/artlogic.biz\/es\/#\/schema\/person\/cfdd2cff2a87d898f1db3589e9028932\"},\"description\":\"Conoce a Merel Kuilder, nueva incorporaci\u00f3n parsa artlogic NL como Branch Manager.\",\"breadcrumb\":{\"@id\":\"https:\/\/artlogic.biz\/es\/merel-kuilder-se-une-a-artlogic-paises-bajos-como-branch-manager\/#breadcrumb\"},\"inLanguage\":\"es\",\"potentialAction\":[{\"@type\":\"ReadAction\",\"target\":[\"https:\/\/artlogic.biz\/es\/merel-kuilder-se-une-a-artlogic-paises-bajos-como-branch-manager\/\"]}]},{\"@type\":\"ImageObject\",\"inLanguage\":\"es\",\"@id\":\"https:\/\/artlogic.biz\/es\/merel-kuilder-se-une-a-artlogic-paises-bajos-como-branch-manager\/#primaryimage\",\"url\":\"https:\/\/artlogic.biz\/wp-content\/uploads\/3-1.png\",\"contentUrl\":\"https:\/\/artlogic.biz\/wp-content\/uploads\/3-1.png\",\"width\":1200,\"height\":630,\"caption\":\"Merel Kuilder at artlogic\"},{\"@type\":\"BreadcrumbList\",\"@id\":\"https:\/\/artlogic.biz\/es\/merel-kuilder-se-une-a-artlogic-paises-bajos-como-branch-manager\/#breadcrumb\",\"itemListElement\":[{\"@type\":\"ListItem\",\"position\":1,\"name\":\"Home\",\"item\":\"https:\/\/artlogic.biz\/es\/\"},{\"@type\":\"ListItem\",\"position\":2,\"name\":\"Merel Kuilder se une a artlogic Pa\u00edses Bajos como Branch Manager\"}]},{\"@type\":\"WebSite\",\"@id\":\"https:\/\/artlogic.biz\/es\/#website\",\"url\":\"https:\/\/artlogic.biz\/es\/\",\"name\":\"artlogic\",\"description\":\"\",\"potentialAction\":[{\"@type\":\"SearchAction\",\"target\":{\"@type\":\"EntryPoint\",\"urlTemplate\":\"https:\/\/artlogic.biz\/es\/?s={search_term_string}\"},\"query-input\":{\"@type\":\"PropertyValueSpecification\",\"valueRequired\":true,\"valueName\":\"search_term_string\"}}],\"inLanguage\":\"es\"},{\"@type\":\"Person\",\"@id\":\"https:\/\/artlogic.biz\/es\/#\/schema\/person\/cfdd2cff2a87d898f1db3589e9028932\",\"name\":\"maria.carrasco\"}]}<\/script>\n<!-- \/ Yoast SEO plugin. -->","yoast_head_json":{"title":"Merel Kuilder se une a artlogic Pa\u00edses Bajos como Branch Manager - artlogic","description":"Conoce a Merel Kuilder, nueva incorporaci\u00f3n parsa artlogic NL como Branch Manager.","robots":{"index":"index","follow":"follow","max-snippet":"max-snippet:-1","max-image-preview":"max-image-preview:large","max-video-preview":"max-video-preview:-1"},"canonical":"https:\/\/artlogic.biz\/es\/merel-kuilder-se-une-a-artlogic-paises-bajos-como-branch-manager\/","og_locale":"es_ES","og_type":"article","og_title":"Merel Kuilder se une a artlogic Pa\u00edses Bajos como Branch Manager - artlogic","og_description":"Conoce a Merel Kuilder, nueva incorporaci\u00f3n parsa artlogic NL como Branch Manager.","og_url":"https:\/\/artlogic.biz\/es\/merel-kuilder-se-une-a-artlogic-paises-bajos-como-branch-manager\/","og_site_name":"artlogic","article_published_time":"2024-04-03T10:29:32+00:00","og_image":[{"width":1200,"height":630,"url":"https:\/\/artlogic.biz\/wp-content\/uploads\/3-1.png","type":"image\/png"}],"author":"maria.carrasco","twitter_card":"summary_large_image","twitter_misc":{"Escrito por":"maria.carrasco","Tiempo de lectura":"3 minutos"},"schema":{"@context":"https:\/\/schema.org","@graph":[{"@type":"WebPage","@id":"https:\/\/artlogic.biz\/es\/merel-kuilder-se-une-a-artlogic-paises-bajos-como-branch-manager\/","url":"https:\/\/artlogic.biz\/es\/merel-kuilder-se-une-a-artlogic-paises-bajos-como-branch-manager\/","name":"Merel Kuilder se une a artlogic Pa\u00edses Bajos como Branch Manager - artlogic","isPartOf":{"@id":"https:\/\/artlogic.biz\/es\/#website"},"primaryImageOfPage":{"@id":"https:\/\/artlogic.biz\/es\/merel-kuilder-se-une-a-artlogic-paises-bajos-como-branch-manager\/#primaryimage"},"image":{"@id":"https:\/\/artlogic.biz\/es\/merel-kuilder-se-une-a-artlogic-paises-bajos-como-branch-manager\/#primaryimage"},"thumbnailUrl":"https:\/\/artlogic.biz\/wp-content\/uploads\/3-1.png","datePublished":"2024-04-03T10:29:32+00:00","author":{"@id":"https:\/\/artlogic.biz\/es\/#\/schema\/person\/cfdd2cff2a87d898f1db3589e9028932"},"description":"Conoce a Merel Kuilder, nueva incorporaci\u00f3n parsa artlogic NL como Branch Manager.","breadcrumb":{"@id":"https:\/\/artlogic.biz\/es\/merel-kuilder-se-une-a-artlogic-paises-bajos-como-branch-manager\/#breadcrumb"},"inLanguage":"es","potentialAction":[{"@type":"ReadAction","target":["https:\/\/artlogic.biz\/es\/merel-kuilder-se-une-a-artlogic-paises-bajos-como-branch-manager\/"]}]},{"@type":"ImageObject","inLanguage":"es","@id":"https:\/\/artlogic.biz\/es\/merel-kuilder-se-une-a-artlogic-paises-bajos-como-branch-manager\/#primaryimage","url":"https:\/\/artlogic.biz\/wp-content\/uploads\/3-1.png","contentUrl":"https:\/\/artlogic.biz\/wp-content\/uploads\/3-1.png","width":1200,"height":630,"caption":"Merel Kuilder at artlogic"},{"@type":"BreadcrumbList","@id":"https:\/\/artlogic.biz\/es\/merel-kuilder-se-une-a-artlogic-paises-bajos-como-branch-manager\/#breadcrumb","itemListElement":[{"@type":"ListItem","position":1,"name":"Home","item":"https:\/\/artlogic.biz\/es\/"},{"@type":"ListItem","position":2,"name":"Merel Kuilder se une a artlogic Pa\u00edses Bajos como Branch Manager"}]},{"@type":"WebSite","@id":"https:\/\/artlogic.biz\/es\/#website","url":"https:\/\/artlogic.biz\/es\/","name":"artlogic","description":"","potentialAction":[{"@type":"SearchAction","target":{"@type":"EntryPoint","urlTemplate":"https:\/\/artlogic.biz\/es\/?s={search_term_string}"},"query-input":{"@type":"PropertyValueSpecification","valueRequired":true,"valueName":"search_term_string"}}],"inLanguage":"es"},{"@type":"Person","@id":"https:\/\/artlogic.biz\/es\/#\/schema\/person\/cfdd2cff2a87d898f1db3589e9028932","name":"maria.carrasco"}]}},"_links":{"self":[{"href":"https:\/\/artlogic.biz\/es\/wp-json\/wp\/v2\/posts\/576938","targetHints":{"allow":["GET"]}}],"collection":[{"href":"https:\/\/artlogic.biz\/es\/wp-json\/wp\/v2\/posts"}],"about":[{"href":"https:\/\/artlogic.biz\/es\/wp-json\/wp\/v2\/types\/post"}],"author":[{"embeddable":true,"href":"https:\/\/artlogic.biz\/es\/wp-json\/wp\/v2\/users\/131"}],"replies":[{"embeddable":true,"href":"https:\/\/artlogic.biz\/es\/wp-json\/wp\/v2\/comments?post=576938"}],"version-history":[{"count":2,"href":"https:\/\/artlogic.biz\/es\/wp-json\/wp\/v2\/posts\/576938\/revisions"}],"predecessor-version":[{"id":592267,"href":"https:\/\/artlogic.biz\/es\/wp-json\/wp\/v2\/posts\/576938\/revisions\/592267"}],"wp:featuredmedia":[{"embeddable":true,"href":"https:\/\/artlogic.biz\/es\/wp-json\/wp\/v2\/media\/571151"}],"wp:attachment":[{"href":"https:\/\/artlogic.biz\/es\/wp-json\/wp\/v2\/media?parent=576938"}],"wp:term":[{"taxonomy":"category","embeddable":true,"href":"https:\/\/artlogic.biz\/es\/wp-json\/wp\/v2\/categories?post=576938"},{"taxonomy":"post_tag","embeddable":true,"href":"https:\/\/artlogic.biz\/es\/wp-json\/wp\/v2\/tags?post=576938"}],"curies":[{"name":"wp","href":"https:\/\/api.w.org\/{rel}","templated":true}]}}