{"id":561983,"date":"2024-02-27T12:32:32","date_gmt":"2024-02-27T11:32:32","guid":{"rendered":"https:\/\/artlogic.biz\/?p=561983"},"modified":"2024-02-27T12:35:05","modified_gmt":"2024-02-27T11:35:05","slug":"noemi-laro-nueva-project-manager","status":"publish","type":"post","link":"https:\/\/artlogic.biz\/es\/noemi-laro-nueva-project-manager\/","title":{"rendered":"\u00a1Os presentamos a Noem\u00ed Laro, una de nuestras recientes Project Manager!"},"content":{"rendered":"<p>Es un honor para nosotros que conozc\u00e1is a Noem\u00ed, una de las nuevas incorporaciones en la oficina de Madrid.<\/p>\n<p>Antes de asumir su actual funci\u00f3n como Project Manager, Noem\u00ed forma parte del proyecto desde 2023 realizando funciones como Stagehand, TechAssist y Crew Leader.<br \/>\nSu capacidad para liderar y motivar al equipo fue evidente desde el principio, y es por eso que en Noviembre de 2023 decidimos contar con ella como Project Manager, donde contin\u00faa demostrando su habilidad para coordinar proyectos.<\/p>\n<p>Noem\u00ed es una compa\u00f1era con una gran empat\u00eda lo que la ayuda a tener una gran cuidado de la crew y de las necesidades de los clientes.Siempre est\u00e1 dispuesta a escuchar y aportar ideas. Su capacidad para fomentar un ambiente de trabajo colaborativo y positivo ha sido fundamental para fortalecer el esp\u00edritu de equipo en nuestra oficina de Madrid.<br \/>\n\u00a1Bienvenida y gracias, Noem\u00ed, por todo lo que nos aportas!<\/p>\n","protected":false},"excerpt":{"rendered":"<p>Es un honor para nosotros que conozc\u00e1is a Noem\u00ed, una de las nuevas incorporaciones en la oficina de Madrid. Antes de asumir su actual funci\u00f3n como Project Manager, Noem\u00ed forma parte del proyecto desde 2023 realizando funciones como Stagehand, TechAssist y Crew Leader. Su capacidad para liderar y motivar al equipo fue evidente desde el [&hellip;]<\/p>\n","protected":false},"author":123,"featured_media":560834,"comment_status":"closed","ping_status":"open","sticky":false,"template":"","format":"standard","meta":{"footnotes":""},"categories":[8],"tags":[],"class_list":["post-561983","post","type-post","status-publish","format-standard","has-post-thumbnail","hentry","category-general-es"],"yoast_head":"<!-- This site is optimized with the Yoast SEO plugin v25.7 - https:\/\/yoast.com\/wordpress\/plugins\/seo\/ -->\n<title>\u00a1Os presentamos a Noem\u00ed Laro, una de nuestras recientes Project Manager! - artlogic<\/title>\n<meta name=\"description\" content=\"Es un honor para nosotros que conozc\u00e1is a Noem\u00ed, una de las nuevas incorporaciones en la oficina de Madrid.\" \/>\n<meta name=\"robots\" content=\"index, follow, max-snippet:-1, max-image-preview:large, max-video-preview:-1\" \/>\n<link rel=\"canonical\" href=\"https:\/\/artlogic.biz\/es\/noemi-laro-nueva-project-manager\/\" \/>\n<meta property=\"og:locale\" content=\"es_ES\" \/>\n<meta property=\"og:type\" content=\"article\" \/>\n<meta property=\"og:title\" content=\"\u00a1Os presentamos a Noem\u00ed Laro, una de nuestras recientes Project Manager! - artlogic\" \/>\n<meta property=\"og:description\" content=\"Es un honor para nosotros que conozc\u00e1is a Noem\u00ed, una de las nuevas incorporaciones en la oficina de Madrid.\" \/>\n<meta property=\"og:url\" content=\"https:\/\/artlogic.biz\/es\/noemi-laro-nueva-project-manager\/\" \/>\n<meta property=\"og:site_name\" content=\"artlogic\" \/>\n<meta property=\"article:published_time\" content=\"2024-02-27T11:32:32+00:00\" \/>\n<meta property=\"article:modified_time\" content=\"2024-02-27T11:35:05+00:00\" \/>\n<meta property=\"og:image\" content=\"https:\/\/artlogic.biz\/wp-content\/uploads\/Noemi_Newsletter.png\" \/>\n\t<meta property=\"og:image:width\" content=\"1200\" \/>\n\t<meta property=\"og:image:height\" content=\"630\" \/>\n\t<meta property=\"og:image:type\" content=\"image\/png\" \/>\n<meta name=\"author\" content=\"Jose\" \/>\n<meta name=\"twitter:card\" content=\"summary_large_image\" \/>\n<meta name=\"twitter:label1\" content=\"Escrito por\" \/>\n\t<meta name=\"twitter:data1\" content=\"Jose\" \/>\n\t<meta name=\"twitter:label2\" content=\"Tiempo de lectura\" \/>\n\t<meta name=\"twitter:data2\" content=\"1 minuto\" \/>\n<script type=\"application\/ld+json\" class=\"yoast-schema-graph\">{\"@context\":\"https:\/\/schema.org\",\"@graph\":[{\"@type\":\"WebPage\",\"@id\":\"https:\/\/artlogic.biz\/es\/noemi-laro-nueva-project-manager\/\",\"url\":\"https:\/\/artlogic.biz\/es\/noemi-laro-nueva-project-manager\/\",\"name\":\"\u00a1Os presentamos a Noem\u00ed Laro, una de nuestras recientes Project Manager! - artlogic\",\"isPartOf\":{\"@id\":\"https:\/\/artlogic.biz\/es\/#website\"},\"primaryImageOfPage\":{\"@id\":\"https:\/\/artlogic.biz\/es\/noemi-laro-nueva-project-manager\/#primaryimage\"},\"image\":{\"@id\":\"https:\/\/artlogic.biz\/es\/noemi-laro-nueva-project-manager\/#primaryimage\"},\"thumbnailUrl\":\"https:\/\/artlogic.biz\/wp-content\/uploads\/Noemi_Newsletter.png\",\"datePublished\":\"2024-02-27T11:32:32+00:00\",\"dateModified\":\"2024-02-27T11:35:05+00:00\",\"author\":{\"@id\":\"https:\/\/artlogic.biz\/es\/#\/schema\/person\/44aae1953b28bb8567384c6346622230\"},\"description\":\"Es un honor para nosotros que conozc\u00e1is a Noem\u00ed, una de las nuevas incorporaciones en la oficina de Madrid.\",\"breadcrumb\":{\"@id\":\"https:\/\/artlogic.biz\/es\/noemi-laro-nueva-project-manager\/#breadcrumb\"},\"inLanguage\":\"es\",\"potentialAction\":[{\"@type\":\"ReadAction\",\"target\":[\"https:\/\/artlogic.biz\/es\/noemi-laro-nueva-project-manager\/\"]}]},{\"@type\":\"ImageObject\",\"inLanguage\":\"es\",\"@id\":\"https:\/\/artlogic.biz\/es\/noemi-laro-nueva-project-manager\/#primaryimage\",\"url\":\"https:\/\/artlogic.biz\/wp-content\/uploads\/Noemi_Newsletter.png\",\"contentUrl\":\"https:\/\/artlogic.biz\/wp-content\/uploads\/Noemi_Newsletter.png\",\"width\":1200,\"height\":630,\"caption\":\"Noem\u00ed @artlogic\"},{\"@type\":\"BreadcrumbList\",\"@id\":\"https:\/\/artlogic.biz\/es\/noemi-laro-nueva-project-manager\/#breadcrumb\",\"itemListElement\":[{\"@type\":\"ListItem\",\"position\":1,\"name\":\"Home\",\"item\":\"https:\/\/artlogic.biz\/es\/\"},{\"@type\":\"ListItem\",\"position\":2,\"name\":\"\u00a1Os presentamos a Noem\u00ed Laro, una de nuestras recientes Project Manager!\"}]},{\"@type\":\"WebSite\",\"@id\":\"https:\/\/artlogic.biz\/es\/#website\",\"url\":\"https:\/\/artlogic.biz\/es\/\",\"name\":\"artlogic\",\"description\":\"\",\"potentialAction\":[{\"@type\":\"SearchAction\",\"target\":{\"@type\":\"EntryPoint\",\"urlTemplate\":\"https:\/\/artlogic.biz\/es\/?s={search_term_string}\"},\"query-input\":{\"@type\":\"PropertyValueSpecification\",\"valueRequired\":true,\"valueName\":\"search_term_string\"}}],\"inLanguage\":\"es\"},{\"@type\":\"Person\",\"@id\":\"https:\/\/artlogic.biz\/es\/#\/schema\/person\/44aae1953b28bb8567384c6346622230\",\"name\":\"Jose\"}]}<\/script>\n<!-- \/ Yoast SEO plugin. -->","yoast_head_json":{"title":"\u00a1Os presentamos a Noem\u00ed Laro, una de nuestras recientes Project Manager! - artlogic","description":"Es un honor para nosotros que conozc\u00e1is a Noem\u00ed, una de las nuevas incorporaciones en la oficina de Madrid.","robots":{"index":"index","follow":"follow","max-snippet":"max-snippet:-1","max-image-preview":"max-image-preview:large","max-video-preview":"max-video-preview:-1"},"canonical":"https:\/\/artlogic.biz\/es\/noemi-laro-nueva-project-manager\/","og_locale":"es_ES","og_type":"article","og_title":"\u00a1Os presentamos a Noem\u00ed Laro, una de nuestras recientes Project Manager! - artlogic","og_description":"Es un honor para nosotros que conozc\u00e1is a Noem\u00ed, una de las nuevas incorporaciones en la oficina de Madrid.","og_url":"https:\/\/artlogic.biz\/es\/noemi-laro-nueva-project-manager\/","og_site_name":"artlogic","article_published_time":"2024-02-27T11:32:32+00:00","article_modified_time":"2024-02-27T11:35:05+00:00","og_image":[{"width":1200,"height":630,"url":"https:\/\/artlogic.biz\/wp-content\/uploads\/Noemi_Newsletter.png","type":"image\/png"}],"author":"Jose","twitter_card":"summary_large_image","twitter_misc":{"Escrito por":"Jose","Tiempo de lectura":"1 minuto"},"schema":{"@context":"https:\/\/schema.org","@graph":[{"@type":"WebPage","@id":"https:\/\/artlogic.biz\/es\/noemi-laro-nueva-project-manager\/","url":"https:\/\/artlogic.biz\/es\/noemi-laro-nueva-project-manager\/","name":"\u00a1Os presentamos a Noem\u00ed Laro, una de nuestras recientes Project Manager! - artlogic","isPartOf":{"@id":"https:\/\/artlogic.biz\/es\/#website"},"primaryImageOfPage":{"@id":"https:\/\/artlogic.biz\/es\/noemi-laro-nueva-project-manager\/#primaryimage"},"image":{"@id":"https:\/\/artlogic.biz\/es\/noemi-laro-nueva-project-manager\/#primaryimage"},"thumbnailUrl":"https:\/\/artlogic.biz\/wp-content\/uploads\/Noemi_Newsletter.png","datePublished":"2024-02-27T11:32:32+00:00","dateModified":"2024-02-27T11:35:05+00:00","author":{"@id":"https:\/\/artlogic.biz\/es\/#\/schema\/person\/44aae1953b28bb8567384c6346622230"},"description":"Es un honor para nosotros que conozc\u00e1is a Noem\u00ed, una de las nuevas incorporaciones en la oficina de Madrid.","breadcrumb":{"@id":"https:\/\/artlogic.biz\/es\/noemi-laro-nueva-project-manager\/#breadcrumb"},"inLanguage":"es","potentialAction":[{"@type":"ReadAction","target":["https:\/\/artlogic.biz\/es\/noemi-laro-nueva-project-manager\/"]}]},{"@type":"ImageObject","inLanguage":"es","@id":"https:\/\/artlogic.biz\/es\/noemi-laro-nueva-project-manager\/#primaryimage","url":"https:\/\/artlogic.biz\/wp-content\/uploads\/Noemi_Newsletter.png","contentUrl":"https:\/\/artlogic.biz\/wp-content\/uploads\/Noemi_Newsletter.png","width":1200,"height":630,"caption":"Noem\u00ed @artlogic"},{"@type":"BreadcrumbList","@id":"https:\/\/artlogic.biz\/es\/noemi-laro-nueva-project-manager\/#breadcrumb","itemListElement":[{"@type":"ListItem","position":1,"name":"Home","item":"https:\/\/artlogic.biz\/es\/"},{"@type":"ListItem","position":2,"name":"\u00a1Os presentamos a Noem\u00ed Laro, una de nuestras recientes Project Manager!"}]},{"@type":"WebSite","@id":"https:\/\/artlogic.biz\/es\/#website","url":"https:\/\/artlogic.biz\/es\/","name":"artlogic","description":"","potentialAction":[{"@type":"SearchAction","target":{"@type":"EntryPoint","urlTemplate":"https:\/\/artlogic.biz\/es\/?s={search_term_string}"},"query-input":{"@type":"PropertyValueSpecification","valueRequired":true,"valueName":"search_term_string"}}],"inLanguage":"es"},{"@type":"Person","@id":"https:\/\/artlogic.biz\/es\/#\/schema\/person\/44aae1953b28bb8567384c6346622230","name":"Jose"}]}},"_links":{"self":[{"href":"https:\/\/artlogic.biz\/es\/wp-json\/wp\/v2\/posts\/561983","targetHints":{"allow":["GET"]}}],"collection":[{"href":"https:\/\/artlogic.biz\/es\/wp-json\/wp\/v2\/posts"}],"about":[{"href":"https:\/\/artlogic.biz\/es\/wp-json\/wp\/v2\/types\/post"}],"author":[{"embeddable":true,"href":"https:\/\/artlogic.biz\/es\/wp-json\/wp\/v2\/users\/123"}],"replies":[{"embeddable":true,"href":"https:\/\/artlogic.biz\/es\/wp-json\/wp\/v2\/comments?post=561983"}],"version-history":[{"count":2,"href":"https:\/\/artlogic.biz\/es\/wp-json\/wp\/v2\/posts\/561983\/revisions"}],"predecessor-version":[{"id":561990,"href":"https:\/\/artlogic.biz\/es\/wp-json\/wp\/v2\/posts\/561983\/revisions\/561990"}],"wp:featuredmedia":[{"embeddable":true,"href":"https:\/\/artlogic.biz\/es\/wp-json\/wp\/v2\/media\/560834"}],"wp:attachment":[{"href":"https:\/\/artlogic.biz\/es\/wp-json\/wp\/v2\/media?parent=561983"}],"wp:term":[{"taxonomy":"category","embeddable":true,"href":"https:\/\/artlogic.biz\/es\/wp-json\/wp\/v2\/categories?post=561983"},{"taxonomy":"post_tag","embeddable":true,"href":"https:\/\/artlogic.biz\/es\/wp-json\/wp\/v2\/tags?post=561983"}],"curies":[{"name":"wp","href":"https:\/\/api.w.org\/{rel}","templated":true}]}}