{"id":521,"date":"2015-12-02T14:06:35","date_gmt":"2015-12-02T13:06:35","guid":{"rendered":"http:\/\/www.artlogic.biz\/de\/?p=521"},"modified":"2021-02-10T13:38:20","modified_gmt":"2021-02-10T12:38:20","slug":"artlogic-unterstuetzt-den-deutschen-nachhaltigkeitspreis-2015","status":"publish","type":"post","link":"https:\/\/artlogic.biz\/de\/artlogic-unterstuetzt-den-deutschen-nachhaltigkeitspreis-2015\/","title":{"rendered":"artlogic unterst\u00fctzt den Deutschen Nachhaltigkeitspreis 2015"},"content":{"rendered":"<p><span id=\"ctl00_ContentPlaceHolder1_ArtikelKopf_lblTextEinleitung\">Am 27. November 2015 wurde in D\u00fcsseldorf der Deutsche Nachhaltigkeitspreis verliehen. Dieser Preis unterst\u00fctzt den Wandel zu einer nachhaltigen Gesellschaft. Er best\u00e4rkt die relevanten Akteure aus Wirtschaft, Kommunen und Forschung in nachhaltigem Handeln und tr\u00e4gt dazu bei, die Grunds\u00e4tze nachhaltiger Entwicklung in der \u00f6ffentlichen Wahrnehmung st\u00e4rker zu verankern.<\/span><\/p>\n<p>Diverse F\u00f6rderer tragen durch inhaltliches Know How und\/oder Sachleistungen bzw. durch ihre Kommunikation in erheblichem Umfang zum Erfolg des Deutschen Nachhaltigkeitspreises bei. Sie f\u00f6rdern so auf unterschiedliche Art und hohem Niveau die Veranstaltungen und stellen die hohe Qualit\u00e4t des Projektes sicher.<\/p>\n<p>Auch artlogic unterst\u00fctzte den Deutschen Nachhaltigkeitspreis durch Crew-Sponsoring. Fachpersonal in Form von Technischen Assistenten, Stagehands und Staplerfahrern sorgten vom 24.-28. November f\u00fcr den reibungslosen Auf- und Abbau der Veranstaltung.<\/p>\n<p>Weitere Informationen unter: <a href=\"https:\/\/www.nachhaltigkeitspreis.de\/\" target=\"_blank\" rel=\"noopener noreferrer\">https:\/\/www.nachhaltigkeitspreis.de\/<\/a><\/p>\n","protected":false},"excerpt":{"rendered":"<p>Am 27. November 2015 wurde in D\u00fcsseldorf der Deutsche Nachhaltigkeitspreis verliehen. Dieser Preis unterst\u00fctzt den Wandel zu einer nachhaltigen Gesellschaft. Er best\u00e4rkt die relevanten Akteure aus Wirtschaft, Kommunen und Forschung in nachhaltigem Handeln und tr\u00e4gt dazu bei, die Grunds\u00e4tze nachhaltiger Entwicklung in der \u00f6ffentlichen Wahrnehmung st\u00e4rker zu verankern. Diverse F\u00f6rderer tragen durch inhaltliches Know How [&hellip;]<\/p>\n","protected":false},"author":1,"featured_media":522,"comment_status":"closed","ping_status":"open","sticky":false,"template":"","format":"standard","meta":{"footnotes":""},"categories":[1],"tags":[],"class_list":["post-521","post","type-post","status-publish","format-standard","has-post-thumbnail","hentry","category-allgemein"],"yoast_head":"<!-- This site is optimized with the Yoast SEO plugin v25.7 - https:\/\/yoast.com\/wordpress\/plugins\/seo\/ -->\n<title>artlogic unterst\u00fctzt den Deutschen Nachhaltigkeitspreis 2015 - artlogic<\/title>\n<meta name=\"robots\" content=\"index, follow, max-snippet:-1, max-image-preview:large, max-video-preview:-1\" \/>\n<link rel=\"canonical\" href=\"https:\/\/artlogic.biz\/de\/artlogic-unterstuetzt-den-deutschen-nachhaltigkeitspreis-2015\/\" \/>\n<meta property=\"og:locale\" content=\"de_DE\" \/>\n<meta property=\"og:type\" content=\"article\" \/>\n<meta property=\"og:title\" content=\"artlogic unterst\u00fctzt den Deutschen Nachhaltigkeitspreis 2015 - artlogic\" \/>\n<meta property=\"og:description\" content=\"Am 27. November 2015 wurde in D\u00fcsseldorf der Deutsche Nachhaltigkeitspreis verliehen. Dieser Preis unterst\u00fctzt den Wandel zu einer nachhaltigen Gesellschaft. Er best\u00e4rkt die relevanten Akteure aus Wirtschaft, Kommunen und Forschung in nachhaltigem Handeln und tr\u00e4gt dazu bei, die Grunds\u00e4tze nachhaltiger Entwicklung in der \u00f6ffentlichen Wahrnehmung st\u00e4rker zu verankern. Diverse F\u00f6rderer tragen durch inhaltliches Know How [&hellip;]\" \/>\n<meta property=\"og:url\" content=\"https:\/\/artlogic.biz\/de\/artlogic-unterstuetzt-den-deutschen-nachhaltigkeitspreis-2015\/\" \/>\n<meta property=\"og:site_name\" content=\"artlogic\" \/>\n<meta property=\"article:published_time\" content=\"2015-12-02T13:06:35+00:00\" \/>\n<meta property=\"article:modified_time\" content=\"2021-02-10T12:38:20+00:00\" \/>\n<meta property=\"og:image\" content=\"https:\/\/artlogic.biz\/wp-content\/uploads\/DNP.jpg\" \/>\n\t<meta property=\"og:image:width\" content=\"1037\" \/>\n\t<meta property=\"og:image:height\" content=\"690\" \/>\n\t<meta property=\"og:image:type\" content=\"image\/jpeg\" \/>\n<meta name=\"author\" content=\"SuperAdministrator\" \/>\n<meta name=\"twitter:card\" content=\"summary_large_image\" \/>\n<meta name=\"twitter:label1\" content=\"Verfasst von\" \/>\n\t<meta name=\"twitter:data1\" content=\"SuperAdministrator\" \/>\n\t<meta name=\"twitter:label2\" content=\"Gesch\u00e4tzte Lesezeit\" \/>\n\t<meta name=\"twitter:data2\" content=\"1\u00a0Minute\" \/>\n<script type=\"application\/ld+json\" class=\"yoast-schema-graph\">{\"@context\":\"https:\/\/schema.org\",\"@graph\":[{\"@type\":\"WebPage\",\"@id\":\"https:\/\/artlogic.biz\/de\/artlogic-unterstuetzt-den-deutschen-nachhaltigkeitspreis-2015\/\",\"url\":\"https:\/\/artlogic.biz\/de\/artlogic-unterstuetzt-den-deutschen-nachhaltigkeitspreis-2015\/\",\"name\":\"artlogic unterst\u00fctzt den Deutschen Nachhaltigkeitspreis 2015 - artlogic\",\"isPartOf\":{\"@id\":\"https:\/\/artlogic.biz\/de\/#website\"},\"primaryImageOfPage\":{\"@id\":\"https:\/\/artlogic.biz\/de\/artlogic-unterstuetzt-den-deutschen-nachhaltigkeitspreis-2015\/#primaryimage\"},\"image\":{\"@id\":\"https:\/\/artlogic.biz\/de\/artlogic-unterstuetzt-den-deutschen-nachhaltigkeitspreis-2015\/#primaryimage\"},\"thumbnailUrl\":\"https:\/\/artlogic.biz\/wp-content\/uploads\/DNP.jpg\",\"datePublished\":\"2015-12-02T13:06:35+00:00\",\"dateModified\":\"2021-02-10T12:38:20+00:00\",\"author\":{\"@id\":\"https:\/\/artlogic.biz\/de\/#\/schema\/person\/446f6fbb610df2d9911aaf6c4a603ec4\"},\"breadcrumb\":{\"@id\":\"https:\/\/artlogic.biz\/de\/artlogic-unterstuetzt-den-deutschen-nachhaltigkeitspreis-2015\/#breadcrumb\"},\"inLanguage\":\"de\",\"potentialAction\":[{\"@type\":\"ReadAction\",\"target\":[\"https:\/\/artlogic.biz\/de\/artlogic-unterstuetzt-den-deutschen-nachhaltigkeitspreis-2015\/\"]}]},{\"@type\":\"ImageObject\",\"inLanguage\":\"de\",\"@id\":\"https:\/\/artlogic.biz\/de\/artlogic-unterstuetzt-den-deutschen-nachhaltigkeitspreis-2015\/#primaryimage\",\"url\":\"https:\/\/artlogic.biz\/wp-content\/uploads\/DNP.jpg\",\"contentUrl\":\"https:\/\/artlogic.biz\/wp-content\/uploads\/DNP.jpg\",\"width\":1037,\"height\":690},{\"@type\":\"BreadcrumbList\",\"@id\":\"https:\/\/artlogic.biz\/de\/artlogic-unterstuetzt-den-deutschen-nachhaltigkeitspreis-2015\/#breadcrumb\",\"itemListElement\":[{\"@type\":\"ListItem\",\"position\":1,\"name\":\"Home\",\"item\":\"https:\/\/artlogic.biz\/de\/home\/\"},{\"@type\":\"ListItem\",\"position\":2,\"name\":\"artlogic unterst\u00fctzt den Deutschen Nachhaltigkeitspreis 2015\"}]},{\"@type\":\"WebSite\",\"@id\":\"https:\/\/artlogic.biz\/de\/#website\",\"url\":\"https:\/\/artlogic.biz\/de\/\",\"name\":\"artlogic\",\"description\":\"\",\"potentialAction\":[{\"@type\":\"SearchAction\",\"target\":{\"@type\":\"EntryPoint\",\"urlTemplate\":\"https:\/\/artlogic.biz\/de\/?s={search_term_string}\"},\"query-input\":{\"@type\":\"PropertyValueSpecification\",\"valueRequired\":true,\"valueName\":\"search_term_string\"}}],\"inLanguage\":\"de\"},{\"@type\":\"Person\",\"@id\":\"https:\/\/artlogic.biz\/de\/#\/schema\/person\/446f6fbb610df2d9911aaf6c4a603ec4\",\"name\":\"SuperAdministrator\"}]}<\/script>\n<!-- \/ Yoast SEO plugin. -->","yoast_head_json":{"title":"artlogic unterst\u00fctzt den Deutschen Nachhaltigkeitspreis 2015 - artlogic","robots":{"index":"index","follow":"follow","max-snippet":"max-snippet:-1","max-image-preview":"max-image-preview:large","max-video-preview":"max-video-preview:-1"},"canonical":"https:\/\/artlogic.biz\/de\/artlogic-unterstuetzt-den-deutschen-nachhaltigkeitspreis-2015\/","og_locale":"de_DE","og_type":"article","og_title":"artlogic unterst\u00fctzt den Deutschen Nachhaltigkeitspreis 2015 - artlogic","og_description":"Am 27. November 2015 wurde in D\u00fcsseldorf der Deutsche Nachhaltigkeitspreis verliehen. Dieser Preis unterst\u00fctzt den Wandel zu einer nachhaltigen Gesellschaft. Er best\u00e4rkt die relevanten Akteure aus Wirtschaft, Kommunen und Forschung in nachhaltigem Handeln und tr\u00e4gt dazu bei, die Grunds\u00e4tze nachhaltiger Entwicklung in der \u00f6ffentlichen Wahrnehmung st\u00e4rker zu verankern. Diverse F\u00f6rderer tragen durch inhaltliches Know How [&hellip;]","og_url":"https:\/\/artlogic.biz\/de\/artlogic-unterstuetzt-den-deutschen-nachhaltigkeitspreis-2015\/","og_site_name":"artlogic","article_published_time":"2015-12-02T13:06:35+00:00","article_modified_time":"2021-02-10T12:38:20+00:00","og_image":[{"width":1037,"height":690,"url":"https:\/\/artlogic.biz\/wp-content\/uploads\/DNP.jpg","type":"image\/jpeg"}],"author":"SuperAdministrator","twitter_card":"summary_large_image","twitter_misc":{"Verfasst von":"SuperAdministrator","Gesch\u00e4tzte Lesezeit":"1\u00a0Minute"},"schema":{"@context":"https:\/\/schema.org","@graph":[{"@type":"WebPage","@id":"https:\/\/artlogic.biz\/de\/artlogic-unterstuetzt-den-deutschen-nachhaltigkeitspreis-2015\/","url":"https:\/\/artlogic.biz\/de\/artlogic-unterstuetzt-den-deutschen-nachhaltigkeitspreis-2015\/","name":"artlogic unterst\u00fctzt den Deutschen Nachhaltigkeitspreis 2015 - artlogic","isPartOf":{"@id":"https:\/\/artlogic.biz\/de\/#website"},"primaryImageOfPage":{"@id":"https:\/\/artlogic.biz\/de\/artlogic-unterstuetzt-den-deutschen-nachhaltigkeitspreis-2015\/#primaryimage"},"image":{"@id":"https:\/\/artlogic.biz\/de\/artlogic-unterstuetzt-den-deutschen-nachhaltigkeitspreis-2015\/#primaryimage"},"thumbnailUrl":"https:\/\/artlogic.biz\/wp-content\/uploads\/DNP.jpg","datePublished":"2015-12-02T13:06:35+00:00","dateModified":"2021-02-10T12:38:20+00:00","author":{"@id":"https:\/\/artlogic.biz\/de\/#\/schema\/person\/446f6fbb610df2d9911aaf6c4a603ec4"},"breadcrumb":{"@id":"https:\/\/artlogic.biz\/de\/artlogic-unterstuetzt-den-deutschen-nachhaltigkeitspreis-2015\/#breadcrumb"},"inLanguage":"de","potentialAction":[{"@type":"ReadAction","target":["https:\/\/artlogic.biz\/de\/artlogic-unterstuetzt-den-deutschen-nachhaltigkeitspreis-2015\/"]}]},{"@type":"ImageObject","inLanguage":"de","@id":"https:\/\/artlogic.biz\/de\/artlogic-unterstuetzt-den-deutschen-nachhaltigkeitspreis-2015\/#primaryimage","url":"https:\/\/artlogic.biz\/wp-content\/uploads\/DNP.jpg","contentUrl":"https:\/\/artlogic.biz\/wp-content\/uploads\/DNP.jpg","width":1037,"height":690},{"@type":"BreadcrumbList","@id":"https:\/\/artlogic.biz\/de\/artlogic-unterstuetzt-den-deutschen-nachhaltigkeitspreis-2015\/#breadcrumb","itemListElement":[{"@type":"ListItem","position":1,"name":"Home","item":"https:\/\/artlogic.biz\/de\/home\/"},{"@type":"ListItem","position":2,"name":"artlogic unterst\u00fctzt den Deutschen Nachhaltigkeitspreis 2015"}]},{"@type":"WebSite","@id":"https:\/\/artlogic.biz\/de\/#website","url":"https:\/\/artlogic.biz\/de\/","name":"artlogic","description":"","potentialAction":[{"@type":"SearchAction","target":{"@type":"EntryPoint","urlTemplate":"https:\/\/artlogic.biz\/de\/?s={search_term_string}"},"query-input":{"@type":"PropertyValueSpecification","valueRequired":true,"valueName":"search_term_string"}}],"inLanguage":"de"},{"@type":"Person","@id":"https:\/\/artlogic.biz\/de\/#\/schema\/person\/446f6fbb610df2d9911aaf6c4a603ec4","name":"SuperAdministrator"}]}},"_links":{"self":[{"href":"https:\/\/artlogic.biz\/de\/wp-json\/wp\/v2\/posts\/521","targetHints":{"allow":["GET"]}}],"collection":[{"href":"https:\/\/artlogic.biz\/de\/wp-json\/wp\/v2\/posts"}],"about":[{"href":"https:\/\/artlogic.biz\/de\/wp-json\/wp\/v2\/types\/post"}],"author":[{"embeddable":true,"href":"https:\/\/artlogic.biz\/de\/wp-json\/wp\/v2\/users\/1"}],"replies":[{"embeddable":true,"href":"https:\/\/artlogic.biz\/de\/wp-json\/wp\/v2\/comments?post=521"}],"version-history":[{"count":4,"href":"https:\/\/artlogic.biz\/de\/wp-json\/wp\/v2\/posts\/521\/revisions"}],"predecessor-version":[{"id":202724,"href":"https:\/\/artlogic.biz\/de\/wp-json\/wp\/v2\/posts\/521\/revisions\/202724"}],"wp:featuredmedia":[{"embeddable":true,"href":"https:\/\/artlogic.biz\/de\/wp-json\/wp\/v2\/media\/522"}],"wp:attachment":[{"href":"https:\/\/artlogic.biz\/de\/wp-json\/wp\/v2\/media?parent=521"}],"wp:term":[{"taxonomy":"category","embeddable":true,"href":"https:\/\/artlogic.biz\/de\/wp-json\/wp\/v2\/categories?post=521"},{"taxonomy":"post_tag","embeddable":true,"href":"https:\/\/artlogic.biz\/de\/wp-json\/wp\/v2\/tags?post=521"}],"curies":[{"name":"wp","href":"https:\/\/api.w.org\/{rel}","templated":true}]}}