{"id":492747,"date":"2023-05-31T12:49:38","date_gmt":"2023-05-31T10:49:38","guid":{"rendered":"https:\/\/artlogic.biz\/?p=492747"},"modified":"2023-05-31T12:49:38","modified_gmt":"2023-05-31T10:49:38","slug":"rueckblick-prolight-sound-2023","status":"publish","type":"post","link":"https:\/\/artlogic.biz\/de\/rueckblick-prolight-sound-2023\/","title":{"rendered":"R\u00fcckblick Prolight + Sound 2023"},"content":{"rendered":"<p><span style=\"font-weight: 400;\">Vielen Dank an alle, die uns auf der Prolight + Sound in Frankfurt vom 25.-28. April 2023 besucht haben! Es war eine tolle Gelegenheit, unsere Softwarel\u00f6sungen sowie unsere Crewing-Dienstleistungen auf der Messe vorzustellen &#8211; Wir haben uns sehr \u00fcber das gro\u00dfe Interesse an Beidem gefreut.<\/span><\/p>\n<p><span style=\"font-weight: 400;\">Mit SquidWeb stellen wir unsere Softwarel\u00f6sungen auch anderen Crewing-Unternehmen in der Veranstaltungsbranche zur Verf\u00fcgung. Von der Gehaltsabrechnung \u00fcber die Crew-Buchung bis hin zu einem vollst\u00e4ndig integrierten mobilen App-Support hat unsere umfassende Event-Personalbesetzungssoftware viel positives Feedback erhalten, f\u00fcr das wir sehr dankbar sind.<\/span><\/p>\n<p><span style=\"font-weight: 400;\">Es waren wieder mal tolle Gespr\u00e4che und Treffen in Frankfurt. Wir freuen uns bereits auf die n\u00e4chsten Veranstaltungen &#8211; bis dahin stehen wir f\u00fcr Fragen oder Anregungen immer zur Verf\u00fcgung!<\/span><\/p>\n<p><a href=\"https:\/\/artlogic.biz\/de\/kontakt\/\">https:\/\/artlogic.biz\/de\/kontakt\/<\/a><\/p>\n<p><a href=\"https:\/\/pls.messefrankfurt.com\/frankfurt\/de.html\">https:\/\/pls.messefrankfurt.com\/frankfurt\/de.html<\/a><\/p>\n","protected":false},"excerpt":{"rendered":"<p>Vielen Dank an alle, die uns auf der Prolight + Sound in Frankfurt vom 25.-28. April 2023 besucht haben! Es war eine tolle Gelegenheit, unsere Softwarel\u00f6sungen sowie unsere Crewing-Dienstleistungen auf der Messe vorzustellen &#8211; Wir haben uns sehr \u00fcber das gro\u00dfe Interesse an Beidem gefreut. Mit SquidWeb stellen wir unsere Softwarel\u00f6sungen auch anderen Crewing-Unternehmen in [&hellip;]<\/p>\n","protected":false},"author":120,"featured_media":487265,"comment_status":"closed","ping_status":"open","sticky":false,"template":"","format":"standard","meta":{"footnotes":""},"categories":[1],"tags":[],"class_list":["post-492747","post","type-post","status-publish","format-standard","has-post-thumbnail","hentry","category-allgemein"],"yoast_head":"<!-- This site is optimized with the Yoast SEO plugin v25.7 - https:\/\/yoast.com\/wordpress\/plugins\/seo\/ -->\n<title>artlogic | R\u00fcckblick Prolight + Sound 2023<\/title>\n<meta name=\"description\" content=\"Vielen Dank an alle, die uns auf der Messe besucht haben! Wir haben unsere Softwarel\u00f6sungen sowie unsere Crewing-Dienstleistungen auf der Messe vorgestellt\" \/>\n<meta name=\"robots\" content=\"index, follow, max-snippet:-1, max-image-preview:large, max-video-preview:-1\" \/>\n<link rel=\"canonical\" href=\"https:\/\/artlogic.biz\/de\/rueckblick-prolight-sound-2023\/\" \/>\n<meta property=\"og:locale\" content=\"de_DE\" \/>\n<meta property=\"og:type\" content=\"article\" \/>\n<meta property=\"og:title\" content=\"artlogic | R\u00fcckblick Prolight + Sound 2023\" \/>\n<meta property=\"og:description\" content=\"Vielen Dank an alle, die uns auf der Messe besucht haben! Wir haben unsere Softwarel\u00f6sungen sowie unsere Crewing-Dienstleistungen auf der Messe vorgestellt\" \/>\n<meta property=\"og:url\" content=\"https:\/\/artlogic.biz\/de\/rueckblick-prolight-sound-2023\/\" \/>\n<meta property=\"og:site_name\" content=\"artlogic\" \/>\n<meta property=\"article:published_time\" content=\"2023-05-31T10:49:38+00:00\" \/>\n<meta property=\"og:image\" content=\"https:\/\/artlogic.biz\/wp-content\/uploads\/PL23.png\" \/>\n\t<meta property=\"og:image:width\" content=\"1200\" \/>\n\t<meta property=\"og:image:height\" content=\"630\" \/>\n\t<meta property=\"og:image:type\" content=\"image\/png\" \/>\n<meta name=\"author\" content=\"Anja\" \/>\n<meta name=\"twitter:card\" content=\"summary_large_image\" \/>\n<meta name=\"twitter:label1\" content=\"Verfasst von\" \/>\n\t<meta name=\"twitter:data1\" content=\"Anja\" \/>\n\t<meta name=\"twitter:label2\" content=\"Gesch\u00e4tzte Lesezeit\" \/>\n\t<meta name=\"twitter:data2\" content=\"1\u00a0Minute\" \/>\n<script type=\"application\/ld+json\" class=\"yoast-schema-graph\">{\"@context\":\"https:\/\/schema.org\",\"@graph\":[{\"@type\":\"WebPage\",\"@id\":\"https:\/\/artlogic.biz\/de\/rueckblick-prolight-sound-2023\/\",\"url\":\"https:\/\/artlogic.biz\/de\/rueckblick-prolight-sound-2023\/\",\"name\":\"artlogic | R\u00fcckblick Prolight + Sound 2023\",\"isPartOf\":{\"@id\":\"https:\/\/artlogic.biz\/de\/#website\"},\"primaryImageOfPage\":{\"@id\":\"https:\/\/artlogic.biz\/de\/rueckblick-prolight-sound-2023\/#primaryimage\"},\"image\":{\"@id\":\"https:\/\/artlogic.biz\/de\/rueckblick-prolight-sound-2023\/#primaryimage\"},\"thumbnailUrl\":\"https:\/\/artlogic.biz\/wp-content\/uploads\/PL23.png\",\"datePublished\":\"2023-05-31T10:49:38+00:00\",\"author\":{\"@id\":\"https:\/\/artlogic.biz\/de\/#\/schema\/person\/c88643c04c638f5adbca92f0fec5425c\"},\"description\":\"Vielen Dank an alle, die uns auf der Messe besucht haben! Wir haben unsere Softwarel\u00f6sungen sowie unsere Crewing-Dienstleistungen auf der Messe vorgestellt\",\"breadcrumb\":{\"@id\":\"https:\/\/artlogic.biz\/de\/rueckblick-prolight-sound-2023\/#breadcrumb\"},\"inLanguage\":\"de\",\"potentialAction\":[{\"@type\":\"ReadAction\",\"target\":[\"https:\/\/artlogic.biz\/de\/rueckblick-prolight-sound-2023\/\"]}]},{\"@type\":\"ImageObject\",\"inLanguage\":\"de\",\"@id\":\"https:\/\/artlogic.biz\/de\/rueckblick-prolight-sound-2023\/#primaryimage\",\"url\":\"https:\/\/artlogic.biz\/wp-content\/uploads\/PL23.png\",\"contentUrl\":\"https:\/\/artlogic.biz\/wp-content\/uploads\/PL23.png\",\"width\":1200,\"height\":630,\"caption\":\"Prolight + Sound 2023\"},{\"@type\":\"BreadcrumbList\",\"@id\":\"https:\/\/artlogic.biz\/de\/rueckblick-prolight-sound-2023\/#breadcrumb\",\"itemListElement\":[{\"@type\":\"ListItem\",\"position\":1,\"name\":\"Home\",\"item\":\"https:\/\/artlogic.biz\/de\/home\/\"},{\"@type\":\"ListItem\",\"position\":2,\"name\":\"R\u00fcckblick Prolight + Sound 2023\"}]},{\"@type\":\"WebSite\",\"@id\":\"https:\/\/artlogic.biz\/de\/#website\",\"url\":\"https:\/\/artlogic.biz\/de\/\",\"name\":\"artlogic\",\"description\":\"\",\"potentialAction\":[{\"@type\":\"SearchAction\",\"target\":{\"@type\":\"EntryPoint\",\"urlTemplate\":\"https:\/\/artlogic.biz\/de\/?s={search_term_string}\"},\"query-input\":{\"@type\":\"PropertyValueSpecification\",\"valueRequired\":true,\"valueName\":\"search_term_string\"}}],\"inLanguage\":\"de\"},{\"@type\":\"Person\",\"@id\":\"https:\/\/artlogic.biz\/de\/#\/schema\/person\/c88643c04c638f5adbca92f0fec5425c\",\"name\":\"Anja\"}]}<\/script>\n<!-- \/ Yoast SEO plugin. -->","yoast_head_json":{"title":"artlogic | R\u00fcckblick Prolight + Sound 2023","description":"Vielen Dank an alle, die uns auf der Messe besucht haben! Wir haben unsere Softwarel\u00f6sungen sowie unsere Crewing-Dienstleistungen auf der Messe vorgestellt","robots":{"index":"index","follow":"follow","max-snippet":"max-snippet:-1","max-image-preview":"max-image-preview:large","max-video-preview":"max-video-preview:-1"},"canonical":"https:\/\/artlogic.biz\/de\/rueckblick-prolight-sound-2023\/","og_locale":"de_DE","og_type":"article","og_title":"artlogic | R\u00fcckblick Prolight + Sound 2023","og_description":"Vielen Dank an alle, die uns auf der Messe besucht haben! Wir haben unsere Softwarel\u00f6sungen sowie unsere Crewing-Dienstleistungen auf der Messe vorgestellt","og_url":"https:\/\/artlogic.biz\/de\/rueckblick-prolight-sound-2023\/","og_site_name":"artlogic","article_published_time":"2023-05-31T10:49:38+00:00","og_image":[{"width":1200,"height":630,"url":"https:\/\/artlogic.biz\/wp-content\/uploads\/PL23.png","type":"image\/png"}],"author":"Anja","twitter_card":"summary_large_image","twitter_misc":{"Verfasst von":"Anja","Gesch\u00e4tzte Lesezeit":"1\u00a0Minute"},"schema":{"@context":"https:\/\/schema.org","@graph":[{"@type":"WebPage","@id":"https:\/\/artlogic.biz\/de\/rueckblick-prolight-sound-2023\/","url":"https:\/\/artlogic.biz\/de\/rueckblick-prolight-sound-2023\/","name":"artlogic | R\u00fcckblick Prolight + Sound 2023","isPartOf":{"@id":"https:\/\/artlogic.biz\/de\/#website"},"primaryImageOfPage":{"@id":"https:\/\/artlogic.biz\/de\/rueckblick-prolight-sound-2023\/#primaryimage"},"image":{"@id":"https:\/\/artlogic.biz\/de\/rueckblick-prolight-sound-2023\/#primaryimage"},"thumbnailUrl":"https:\/\/artlogic.biz\/wp-content\/uploads\/PL23.png","datePublished":"2023-05-31T10:49:38+00:00","author":{"@id":"https:\/\/artlogic.biz\/de\/#\/schema\/person\/c88643c04c638f5adbca92f0fec5425c"},"description":"Vielen Dank an alle, die uns auf der Messe besucht haben! Wir haben unsere Softwarel\u00f6sungen sowie unsere Crewing-Dienstleistungen auf der Messe vorgestellt","breadcrumb":{"@id":"https:\/\/artlogic.biz\/de\/rueckblick-prolight-sound-2023\/#breadcrumb"},"inLanguage":"de","potentialAction":[{"@type":"ReadAction","target":["https:\/\/artlogic.biz\/de\/rueckblick-prolight-sound-2023\/"]}]},{"@type":"ImageObject","inLanguage":"de","@id":"https:\/\/artlogic.biz\/de\/rueckblick-prolight-sound-2023\/#primaryimage","url":"https:\/\/artlogic.biz\/wp-content\/uploads\/PL23.png","contentUrl":"https:\/\/artlogic.biz\/wp-content\/uploads\/PL23.png","width":1200,"height":630,"caption":"Prolight + Sound 2023"},{"@type":"BreadcrumbList","@id":"https:\/\/artlogic.biz\/de\/rueckblick-prolight-sound-2023\/#breadcrumb","itemListElement":[{"@type":"ListItem","position":1,"name":"Home","item":"https:\/\/artlogic.biz\/de\/home\/"},{"@type":"ListItem","position":2,"name":"R\u00fcckblick Prolight + Sound 2023"}]},{"@type":"WebSite","@id":"https:\/\/artlogic.biz\/de\/#website","url":"https:\/\/artlogic.biz\/de\/","name":"artlogic","description":"","potentialAction":[{"@type":"SearchAction","target":{"@type":"EntryPoint","urlTemplate":"https:\/\/artlogic.biz\/de\/?s={search_term_string}"},"query-input":{"@type":"PropertyValueSpecification","valueRequired":true,"valueName":"search_term_string"}}],"inLanguage":"de"},{"@type":"Person","@id":"https:\/\/artlogic.biz\/de\/#\/schema\/person\/c88643c04c638f5adbca92f0fec5425c","name":"Anja"}]}},"_links":{"self":[{"href":"https:\/\/artlogic.biz\/de\/wp-json\/wp\/v2\/posts\/492747","targetHints":{"allow":["GET"]}}],"collection":[{"href":"https:\/\/artlogic.biz\/de\/wp-json\/wp\/v2\/posts"}],"about":[{"href":"https:\/\/artlogic.biz\/de\/wp-json\/wp\/v2\/types\/post"}],"author":[{"embeddable":true,"href":"https:\/\/artlogic.biz\/de\/wp-json\/wp\/v2\/users\/120"}],"replies":[{"embeddable":true,"href":"https:\/\/artlogic.biz\/de\/wp-json\/wp\/v2\/comments?post=492747"}],"version-history":[{"count":2,"href":"https:\/\/artlogic.biz\/de\/wp-json\/wp\/v2\/posts\/492747\/revisions"}],"predecessor-version":[{"id":662888,"href":"https:\/\/artlogic.biz\/de\/wp-json\/wp\/v2\/posts\/492747\/revisions\/662888"}],"wp:featuredmedia":[{"embeddable":true,"href":"https:\/\/artlogic.biz\/de\/wp-json\/wp\/v2\/media\/487265"}],"wp:attachment":[{"href":"https:\/\/artlogic.biz\/de\/wp-json\/wp\/v2\/media?parent=492747"}],"wp:term":[{"taxonomy":"category","embeddable":true,"href":"https:\/\/artlogic.biz\/de\/wp-json\/wp\/v2\/categories?post=492747"},{"taxonomy":"post_tag","embeddable":true,"href":"https:\/\/artlogic.biz\/de\/wp-json\/wp\/v2\/tags?post=492747"}],"curies":[{"name":"wp","href":"https:\/\/api.w.org\/{rel}","templated":true}]}}