{"id":36897,"date":"2017-07-19T12:14:17","date_gmt":"2017-07-19T10:14:17","guid":{"rendered":"https:\/\/artlogic.biz\/de\/?p=36897"},"modified":"2021-02-10T13:42:04","modified_gmt":"2021-02-10T12:42:04","slug":"artlogic-auf-dem-amphi-festival-2017-in-koeln","status":"publish","type":"post","link":"https:\/\/artlogic.biz\/de\/artlogic-auf-dem-amphi-festival-2017-in-koeln\/","title":{"rendered":"artlogic auf dem Amphi Festival 2017 in K\u00f6ln"},"content":{"rendered":"<p><strong>Die Crew artlogic aus dem Rheinland unterst\u00fctzt das Amphi Festival 2017 in K\u00f6ln<\/strong><\/p>\n<p>Schon seit Mitte Juli unterst\u00fctzt die lokale artlogic Crew aus K\u00f6ln und Umgebung den Aufbau des Amphi Festivals \u2013 das vom 22.-23. Juli 2017 im Tanzbrunnen in K\u00f6ln stattfindet.<\/p>\n<p>Das Amphi Festival ist ein seit 2005 stattfindendes Musikfestival, das mit seinem breit gef\u00e4cherten Programm ein heterogenes Publikum, darunter vor allem Anh\u00e4nger der Alternative- und Schwarzen Szene, anspricht. Das Spektrum auftretender K\u00fcnstler umfasst sowohl elektronische Spielarten wie Elektro und Future Pop als auch Rockmusik wie Neue Deutsche H\u00e4rte oder Mittelalterrock. Zudem gibt es in der Nacht noch ein Disko-Programm. Weiterhin finden Lesungen und Theaterauff\u00fchrungen statt.<\/p>\n<p>Vor Ort sorgen die Fachkr\u00e4fte f\u00fcr Veranstaltungstechnik, Technischen Assistenten, Staplerfahrer und Stagehands f\u00fcr einen reibungslosen Aufbau und die Durchf\u00fchrung der Veranstaltung. W\u00e4hrend des Festivals im Tanzbrunnen kommen zus\u00e4tzlich Spotfahrer und Sidecrews zum Einsatz. Nach Ende des Events am 23. Juli wird die artlogic Crew noch in den Abbau des Festivals involviert sein.<\/p>\n<p>Weitere Informationen unter: <a href=\"http:\/\/www.amphi-festival.de\/2017\/home.html\">www.amphi-festival.de<\/a><\/p>\n","protected":false},"excerpt":{"rendered":"<p>Die Crew artlogic aus dem Rheinland unterst\u00fctzt das Amphi Festival 2017 in K\u00f6ln Schon seit Mitte Juli unterst\u00fctzt die lokale artlogic Crew aus K\u00f6ln und Umgebung den Aufbau des Amphi Festivals \u2013 das vom 22.-23. Juli 2017 im Tanzbrunnen in K\u00f6ln stattfindet. Das Amphi Festival ist ein seit 2005 stattfindendes Musikfestival, das mit seinem breit [&hellip;]<\/p>\n","protected":false},"author":1,"featured_media":36898,"comment_status":"closed","ping_status":"open","sticky":false,"template":"","format":"standard","meta":{"footnotes":""},"categories":[1,24],"tags":[],"class_list":["post-36897","post","type-post","status-publish","format-standard","has-post-thumbnail","hentry","category-allgemein","category-artlogic-crew"],"yoast_head":"<!-- This site is optimized with the Yoast SEO plugin v25.7 - https:\/\/yoast.com\/wordpress\/plugins\/seo\/ -->\n<title>artlogic auf dem Amphi Festival 2017 in K\u00f6ln - artlogic<\/title>\n<meta name=\"robots\" content=\"index, follow, max-snippet:-1, max-image-preview:large, max-video-preview:-1\" \/>\n<link rel=\"canonical\" href=\"https:\/\/artlogic.biz\/de\/artlogic-auf-dem-amphi-festival-2017-in-koeln\/\" \/>\n<meta property=\"og:locale\" content=\"de_DE\" \/>\n<meta property=\"og:type\" content=\"article\" \/>\n<meta property=\"og:title\" content=\"artlogic auf dem Amphi Festival 2017 in K\u00f6ln - artlogic\" \/>\n<meta property=\"og:description\" content=\"Die Crew artlogic aus dem Rheinland unterst\u00fctzt das Amphi Festival 2017 in K\u00f6ln Schon seit Mitte Juli unterst\u00fctzt die lokale artlogic Crew aus K\u00f6ln und Umgebung den Aufbau des Amphi Festivals \u2013 das vom 22.-23. Juli 2017 im Tanzbrunnen in K\u00f6ln stattfindet. Das Amphi Festival ist ein seit 2005 stattfindendes Musikfestival, das mit seinem breit [&hellip;]\" \/>\n<meta property=\"og:url\" content=\"https:\/\/artlogic.biz\/de\/artlogic-auf-dem-amphi-festival-2017-in-koeln\/\" \/>\n<meta property=\"og:site_name\" content=\"artlogic\" \/>\n<meta property=\"article:published_time\" content=\"2017-07-19T10:14:17+00:00\" \/>\n<meta property=\"article:modified_time\" content=\"2021-02-10T12:42:04+00:00\" \/>\n<meta property=\"og:image\" content=\"https:\/\/artlogic.biz\/wp-content\/uploads\/Amphi.jpg\" \/>\n\t<meta property=\"og:image:width\" content=\"400\" \/>\n\t<meta property=\"og:image:height\" content=\"126\" \/>\n\t<meta property=\"og:image:type\" content=\"image\/jpeg\" \/>\n<meta name=\"author\" content=\"SuperAdministrator\" \/>\n<meta name=\"twitter:card\" content=\"summary_large_image\" \/>\n<meta name=\"twitter:label1\" content=\"Verfasst von\" \/>\n\t<meta name=\"twitter:data1\" content=\"SuperAdministrator\" \/>\n\t<meta name=\"twitter:label2\" content=\"Gesch\u00e4tzte Lesezeit\" \/>\n\t<meta name=\"twitter:data2\" content=\"1\u00a0Minute\" \/>\n<script type=\"application\/ld+json\" class=\"yoast-schema-graph\">{\"@context\":\"https:\/\/schema.org\",\"@graph\":[{\"@type\":\"WebPage\",\"@id\":\"https:\/\/artlogic.biz\/de\/artlogic-auf-dem-amphi-festival-2017-in-koeln\/\",\"url\":\"https:\/\/artlogic.biz\/de\/artlogic-auf-dem-amphi-festival-2017-in-koeln\/\",\"name\":\"artlogic auf dem Amphi Festival 2017 in K\u00f6ln - artlogic\",\"isPartOf\":{\"@id\":\"https:\/\/artlogic.biz\/de\/#website\"},\"primaryImageOfPage\":{\"@id\":\"https:\/\/artlogic.biz\/de\/artlogic-auf-dem-amphi-festival-2017-in-koeln\/#primaryimage\"},\"image\":{\"@id\":\"https:\/\/artlogic.biz\/de\/artlogic-auf-dem-amphi-festival-2017-in-koeln\/#primaryimage\"},\"thumbnailUrl\":\"https:\/\/artlogic.biz\/wp-content\/uploads\/Amphi.jpg\",\"datePublished\":\"2017-07-19T10:14:17+00:00\",\"dateModified\":\"2021-02-10T12:42:04+00:00\",\"author\":{\"@id\":\"https:\/\/artlogic.biz\/de\/#\/schema\/person\/446f6fbb610df2d9911aaf6c4a603ec4\"},\"breadcrumb\":{\"@id\":\"https:\/\/artlogic.biz\/de\/artlogic-auf-dem-amphi-festival-2017-in-koeln\/#breadcrumb\"},\"inLanguage\":\"de\",\"potentialAction\":[{\"@type\":\"ReadAction\",\"target\":[\"https:\/\/artlogic.biz\/de\/artlogic-auf-dem-amphi-festival-2017-in-koeln\/\"]}]},{\"@type\":\"ImageObject\",\"inLanguage\":\"de\",\"@id\":\"https:\/\/artlogic.biz\/de\/artlogic-auf-dem-amphi-festival-2017-in-koeln\/#primaryimage\",\"url\":\"https:\/\/artlogic.biz\/wp-content\/uploads\/Amphi.jpg\",\"contentUrl\":\"https:\/\/artlogic.biz\/wp-content\/uploads\/Amphi.jpg\",\"width\":400,\"height\":126},{\"@type\":\"BreadcrumbList\",\"@id\":\"https:\/\/artlogic.biz\/de\/artlogic-auf-dem-amphi-festival-2017-in-koeln\/#breadcrumb\",\"itemListElement\":[{\"@type\":\"ListItem\",\"position\":1,\"name\":\"Home\",\"item\":\"https:\/\/artlogic.biz\/de\/home\/\"},{\"@type\":\"ListItem\",\"position\":2,\"name\":\"artlogic auf dem Amphi Festival 2017 in K\u00f6ln\"}]},{\"@type\":\"WebSite\",\"@id\":\"https:\/\/artlogic.biz\/de\/#website\",\"url\":\"https:\/\/artlogic.biz\/de\/\",\"name\":\"artlogic\",\"description\":\"\",\"potentialAction\":[{\"@type\":\"SearchAction\",\"target\":{\"@type\":\"EntryPoint\",\"urlTemplate\":\"https:\/\/artlogic.biz\/de\/?s={search_term_string}\"},\"query-input\":{\"@type\":\"PropertyValueSpecification\",\"valueRequired\":true,\"valueName\":\"search_term_string\"}}],\"inLanguage\":\"de\"},{\"@type\":\"Person\",\"@id\":\"https:\/\/artlogic.biz\/de\/#\/schema\/person\/446f6fbb610df2d9911aaf6c4a603ec4\",\"name\":\"SuperAdministrator\"}]}<\/script>\n<!-- \/ Yoast SEO plugin. -->","yoast_head_json":{"title":"artlogic auf dem Amphi Festival 2017 in K\u00f6ln - artlogic","robots":{"index":"index","follow":"follow","max-snippet":"max-snippet:-1","max-image-preview":"max-image-preview:large","max-video-preview":"max-video-preview:-1"},"canonical":"https:\/\/artlogic.biz\/de\/artlogic-auf-dem-amphi-festival-2017-in-koeln\/","og_locale":"de_DE","og_type":"article","og_title":"artlogic auf dem Amphi Festival 2017 in K\u00f6ln - artlogic","og_description":"Die Crew artlogic aus dem Rheinland unterst\u00fctzt das Amphi Festival 2017 in K\u00f6ln Schon seit Mitte Juli unterst\u00fctzt die lokale artlogic Crew aus K\u00f6ln und Umgebung den Aufbau des Amphi Festivals \u2013 das vom 22.-23. Juli 2017 im Tanzbrunnen in K\u00f6ln stattfindet. Das Amphi Festival ist ein seit 2005 stattfindendes Musikfestival, das mit seinem breit [&hellip;]","og_url":"https:\/\/artlogic.biz\/de\/artlogic-auf-dem-amphi-festival-2017-in-koeln\/","og_site_name":"artlogic","article_published_time":"2017-07-19T10:14:17+00:00","article_modified_time":"2021-02-10T12:42:04+00:00","og_image":[{"width":400,"height":126,"url":"https:\/\/artlogic.biz\/wp-content\/uploads\/Amphi.jpg","type":"image\/jpeg"}],"author":"SuperAdministrator","twitter_card":"summary_large_image","twitter_misc":{"Verfasst von":"SuperAdministrator","Gesch\u00e4tzte Lesezeit":"1\u00a0Minute"},"schema":{"@context":"https:\/\/schema.org","@graph":[{"@type":"WebPage","@id":"https:\/\/artlogic.biz\/de\/artlogic-auf-dem-amphi-festival-2017-in-koeln\/","url":"https:\/\/artlogic.biz\/de\/artlogic-auf-dem-amphi-festival-2017-in-koeln\/","name":"artlogic auf dem Amphi Festival 2017 in K\u00f6ln - artlogic","isPartOf":{"@id":"https:\/\/artlogic.biz\/de\/#website"},"primaryImageOfPage":{"@id":"https:\/\/artlogic.biz\/de\/artlogic-auf-dem-amphi-festival-2017-in-koeln\/#primaryimage"},"image":{"@id":"https:\/\/artlogic.biz\/de\/artlogic-auf-dem-amphi-festival-2017-in-koeln\/#primaryimage"},"thumbnailUrl":"https:\/\/artlogic.biz\/wp-content\/uploads\/Amphi.jpg","datePublished":"2017-07-19T10:14:17+00:00","dateModified":"2021-02-10T12:42:04+00:00","author":{"@id":"https:\/\/artlogic.biz\/de\/#\/schema\/person\/446f6fbb610df2d9911aaf6c4a603ec4"},"breadcrumb":{"@id":"https:\/\/artlogic.biz\/de\/artlogic-auf-dem-amphi-festival-2017-in-koeln\/#breadcrumb"},"inLanguage":"de","potentialAction":[{"@type":"ReadAction","target":["https:\/\/artlogic.biz\/de\/artlogic-auf-dem-amphi-festival-2017-in-koeln\/"]}]},{"@type":"ImageObject","inLanguage":"de","@id":"https:\/\/artlogic.biz\/de\/artlogic-auf-dem-amphi-festival-2017-in-koeln\/#primaryimage","url":"https:\/\/artlogic.biz\/wp-content\/uploads\/Amphi.jpg","contentUrl":"https:\/\/artlogic.biz\/wp-content\/uploads\/Amphi.jpg","width":400,"height":126},{"@type":"BreadcrumbList","@id":"https:\/\/artlogic.biz\/de\/artlogic-auf-dem-amphi-festival-2017-in-koeln\/#breadcrumb","itemListElement":[{"@type":"ListItem","position":1,"name":"Home","item":"https:\/\/artlogic.biz\/de\/home\/"},{"@type":"ListItem","position":2,"name":"artlogic auf dem Amphi Festival 2017 in K\u00f6ln"}]},{"@type":"WebSite","@id":"https:\/\/artlogic.biz\/de\/#website","url":"https:\/\/artlogic.biz\/de\/","name":"artlogic","description":"","potentialAction":[{"@type":"SearchAction","target":{"@type":"EntryPoint","urlTemplate":"https:\/\/artlogic.biz\/de\/?s={search_term_string}"},"query-input":{"@type":"PropertyValueSpecification","valueRequired":true,"valueName":"search_term_string"}}],"inLanguage":"de"},{"@type":"Person","@id":"https:\/\/artlogic.biz\/de\/#\/schema\/person\/446f6fbb610df2d9911aaf6c4a603ec4","name":"SuperAdministrator"}]}},"_links":{"self":[{"href":"https:\/\/artlogic.biz\/de\/wp-json\/wp\/v2\/posts\/36897","targetHints":{"allow":["GET"]}}],"collection":[{"href":"https:\/\/artlogic.biz\/de\/wp-json\/wp\/v2\/posts"}],"about":[{"href":"https:\/\/artlogic.biz\/de\/wp-json\/wp\/v2\/types\/post"}],"author":[{"embeddable":true,"href":"https:\/\/artlogic.biz\/de\/wp-json\/wp\/v2\/users\/1"}],"replies":[{"embeddable":true,"href":"https:\/\/artlogic.biz\/de\/wp-json\/wp\/v2\/comments?post=36897"}],"version-history":[{"count":3,"href":"https:\/\/artlogic.biz\/de\/wp-json\/wp\/v2\/posts\/36897\/revisions"}],"predecessor-version":[{"id":202770,"href":"https:\/\/artlogic.biz\/de\/wp-json\/wp\/v2\/posts\/36897\/revisions\/202770"}],"wp:featuredmedia":[{"embeddable":true,"href":"https:\/\/artlogic.biz\/de\/wp-json\/wp\/v2\/media\/36898"}],"wp:attachment":[{"href":"https:\/\/artlogic.biz\/de\/wp-json\/wp\/v2\/media?parent=36897"}],"wp:term":[{"taxonomy":"category","embeddable":true,"href":"https:\/\/artlogic.biz\/de\/wp-json\/wp\/v2\/categories?post=36897"},{"taxonomy":"post_tag","embeddable":true,"href":"https:\/\/artlogic.biz\/de\/wp-json\/wp\/v2\/tags?post=36897"}],"curies":[{"name":"wp","href":"https:\/\/api.w.org\/{rel}","templated":true}]}}