{"id":251140,"date":"2021-06-21T13:27:22","date_gmt":"2021-06-21T11:27:22","guid":{"rendered":"https:\/\/artlogic.biz\/?p=251140"},"modified":"2021-09-29T13:09:17","modified_gmt":"2021-09-29T11:09:17","slug":"personalentwicklung-im-artlogic-team","status":"publish","type":"post","link":"https:\/\/artlogic.biz\/de\/personalentwicklung-im-artlogic-team\/","title":{"rendered":"Personalentwicklung im artlogic Team"},"content":{"rendered":"<p><span style=\"font-weight: 400;\">Wir freuen uns \u00fcber den j\u00fcngsten Erfolg unserer Personalentwicklungsstrategie: wir bauen die Disposition in Deutschland aus unseren eigenen Reihen weiter aus und <\/span><span style=\"font-weight: 400;\">auch in Spanien verst\u00e4rken wir unser Dispo-Team.<\/span><\/p>\n<p><span style=\"font-weight: 400;\">Ziel unserer Ma\u00dfnahmen ist immer, Mitarbeitern durch Ausbildung und Weiterbildung Perspektiven zu bieten, und so in allen L\u00e4ndern auf ein mit artlogic fest verbundenes Team zu bauen.<br \/>\nMit Loide Miyela und Terence Nieswandt unterst\u00fctzen uns ab sofort zwei Veranstaltungskaufleute in der Disposition, die reichlich artlogic-Erfahrung mitbringen.<\/span><\/p>\n<p><span style=\"font-weight: 400;\">Loide fing 2016 mit einer Ausbildung bei artlogic an, schloss diese ab und blieb dann als Veranstaltungskauffrau bei uns. Als sie sich entschloss zu studieren, konnte sie bei uns weiter in Teilzeit arbeiten. <\/span><span style=\"font-weight: 400;\">Nach ihrem k\u00fcrzlichen Abschluss<\/span><span style=\"font-weight: 400;\"> als staatlich gepr\u00fcfte Betriebswirtin <\/span><span style=\"font-weight: 400;\">kehrt sie nun wieder voll zur\u00fcck. Sie wird sich verst\u00e4rkt um l\u00e4nder\u00fcbergreifende Projekte und unsere internationalen Kunden k\u00fcmmern. <\/span><\/p>\n<p><span style=\"font-weight: 400;\">Terence hat sich durch unsere interne Mitarbeiterentwicklung f\u00fcr uns entschieden. Er begann 2016 zun\u00e4chst einen Nebenjob als Stagehand bei uns. Nach internen Weiterbildungen entschied er sich dann 2018, das Angebot einer Ausbildung bei artlogic anzunehmen, und hat diese jetzt erfolgreich abgeschlossen. Wir freuen uns, mit ihm einen Disponenten zu gewinnen, der sowohl Erfahrung als Crewmitglied als auch als Disponent mitbringt. <\/span><\/p>\n<p><span style=\"font-weight: 400;\">Florencia M\u00edguez konnte unser Team in Spanien klar von sich \u00fcberzeugen. Seit Mai bringt sie ihren umfangreichen Eventhintergrund am Standort Barcelona ein. Wir freuen uns, in ihr eine erfahrene Disponentin gefunden zu haben, die genau auf unser Anforderungsprofil passt und ihren Job mit Leidenschaft macht.<\/span><\/p>\n<p>&nbsp;<\/p>\n<p><span style=\"font-weight: 400;\">Wir entwickeln unsere Personalma\u00dfnahmen st\u00e4ndig weiter. Falls Sie Interesse an mehr Informationen \u00fcber unser Weiterbildungsma\u00dfnahmen haben, rufen Sie uns gerne an.<\/span><\/p>\n","protected":false},"excerpt":{"rendered":"<p>Wir freuen uns \u00fcber den j\u00fcngsten Erfolg unserer Personalentwicklungsstrategie: wir bauen die Disposition in Deutschland aus unseren eigenen Reihen weiter aus und auch in Spanien verst\u00e4rken wir unser Dispo-Team. Ziel unserer Ma\u00dfnahmen ist immer, Mitarbeitern durch Ausbildung und Weiterbildung Perspektiven zu bieten, und so in allen L\u00e4ndern auf ein mit artlogic fest verbundenes Team zu [&hellip;]<\/p>\n","protected":false},"author":120,"featured_media":274401,"comment_status":"closed","ping_status":"open","sticky":false,"template":"","format":"standard","meta":{"footnotes":""},"categories":[1],"tags":[],"class_list":["post-251140","post","type-post","status-publish","format-standard","has-post-thumbnail","hentry","category-allgemein"],"yoast_head":"<!-- This site is optimized with the Yoast SEO plugin v25.7 - https:\/\/yoast.com\/wordpress\/plugins\/seo\/ -->\n<title>artlogic | Personalentwicklung - Team Disposition erweitert<\/title>\n<meta name=\"description\" content=\"Personal Entwicklung bei artlogic: wir bauen das Team Disposition in Deutschland und Spanien aus. Wir freuen uns \u00fcber drei neue Disponenten.\" \/>\n<meta name=\"robots\" content=\"index, follow, max-snippet:-1, max-image-preview:large, max-video-preview:-1\" \/>\n<link rel=\"canonical\" href=\"https:\/\/artlogic.biz\/de\/personalentwicklung-im-artlogic-team\/\" \/>\n<meta property=\"og:locale\" content=\"de_DE\" \/>\n<meta property=\"og:type\" content=\"article\" \/>\n<meta property=\"og:title\" content=\"artlogic | Personalentwicklung - Team Disposition erweitert\" \/>\n<meta property=\"og:description\" content=\"Personal Entwicklung bei artlogic: wir bauen das Team Disposition in Deutschland und Spanien aus. Wir freuen uns \u00fcber drei neue Disponenten.\" \/>\n<meta property=\"og:url\" content=\"https:\/\/artlogic.biz\/de\/personalentwicklung-im-artlogic-team\/\" \/>\n<meta property=\"og:site_name\" content=\"artlogic\" \/>\n<meta property=\"article:published_time\" content=\"2021-06-21T11:27:22+00:00\" \/>\n<meta property=\"article:modified_time\" content=\"2021-09-29T11:09:17+00:00\" \/>\n<meta property=\"og:image\" content=\"https:\/\/artlogic.biz\/wp-content\/uploads\/Team-new.png\" \/>\n\t<meta property=\"og:image:width\" content=\"1200\" \/>\n\t<meta property=\"og:image:height\" content=\"630\" \/>\n\t<meta property=\"og:image:type\" content=\"image\/png\" \/>\n<meta name=\"author\" content=\"Anja\" \/>\n<meta name=\"twitter:card\" content=\"summary_large_image\" \/>\n<meta name=\"twitter:label1\" content=\"Verfasst von\" \/>\n\t<meta name=\"twitter:data1\" content=\"Anja\" \/>\n\t<meta name=\"twitter:label2\" content=\"Gesch\u00e4tzte Lesezeit\" \/>\n\t<meta name=\"twitter:data2\" content=\"1\u00a0Minute\" \/>\n<script type=\"application\/ld+json\" class=\"yoast-schema-graph\">{\"@context\":\"https:\/\/schema.org\",\"@graph\":[{\"@type\":\"WebPage\",\"@id\":\"https:\/\/artlogic.biz\/de\/personalentwicklung-im-artlogic-team\/\",\"url\":\"https:\/\/artlogic.biz\/de\/personalentwicklung-im-artlogic-team\/\",\"name\":\"artlogic | Personalentwicklung - Team Disposition erweitert\",\"isPartOf\":{\"@id\":\"https:\/\/artlogic.biz\/de\/#website\"},\"primaryImageOfPage\":{\"@id\":\"https:\/\/artlogic.biz\/de\/personalentwicklung-im-artlogic-team\/#primaryimage\"},\"image\":{\"@id\":\"https:\/\/artlogic.biz\/de\/personalentwicklung-im-artlogic-team\/#primaryimage\"},\"thumbnailUrl\":\"https:\/\/artlogic.biz\/wp-content\/uploads\/Team-new.png\",\"datePublished\":\"2021-06-21T11:27:22+00:00\",\"dateModified\":\"2021-09-29T11:09:17+00:00\",\"author\":{\"@id\":\"https:\/\/artlogic.biz\/de\/#\/schema\/person\/c88643c04c638f5adbca92f0fec5425c\"},\"description\":\"Personal Entwicklung bei artlogic: wir bauen das Team Disposition in Deutschland und Spanien aus. Wir freuen uns \u00fcber drei neue Disponenten.\",\"breadcrumb\":{\"@id\":\"https:\/\/artlogic.biz\/de\/personalentwicklung-im-artlogic-team\/#breadcrumb\"},\"inLanguage\":\"de\",\"potentialAction\":[{\"@type\":\"ReadAction\",\"target\":[\"https:\/\/artlogic.biz\/de\/personalentwicklung-im-artlogic-team\/\"]}]},{\"@type\":\"ImageObject\",\"inLanguage\":\"de\",\"@id\":\"https:\/\/artlogic.biz\/de\/personalentwicklung-im-artlogic-team\/#primaryimage\",\"url\":\"https:\/\/artlogic.biz\/wp-content\/uploads\/Team-new.png\",\"contentUrl\":\"https:\/\/artlogic.biz\/wp-content\/uploads\/Team-new.png\",\"width\":1200,\"height\":630,\"caption\":\"Artlogic Team\"},{\"@type\":\"BreadcrumbList\",\"@id\":\"https:\/\/artlogic.biz\/de\/personalentwicklung-im-artlogic-team\/#breadcrumb\",\"itemListElement\":[{\"@type\":\"ListItem\",\"position\":1,\"name\":\"Home\",\"item\":\"https:\/\/artlogic.biz\/de\/home\/\"},{\"@type\":\"ListItem\",\"position\":2,\"name\":\"Personalentwicklung im artlogic Team\"}]},{\"@type\":\"WebSite\",\"@id\":\"https:\/\/artlogic.biz\/de\/#website\",\"url\":\"https:\/\/artlogic.biz\/de\/\",\"name\":\"artlogic\",\"description\":\"\",\"potentialAction\":[{\"@type\":\"SearchAction\",\"target\":{\"@type\":\"EntryPoint\",\"urlTemplate\":\"https:\/\/artlogic.biz\/de\/?s={search_term_string}\"},\"query-input\":{\"@type\":\"PropertyValueSpecification\",\"valueRequired\":true,\"valueName\":\"search_term_string\"}}],\"inLanguage\":\"de\"},{\"@type\":\"Person\",\"@id\":\"https:\/\/artlogic.biz\/de\/#\/schema\/person\/c88643c04c638f5adbca92f0fec5425c\",\"name\":\"Anja\"}]}<\/script>\n<!-- \/ Yoast SEO plugin. -->","yoast_head_json":{"title":"artlogic | Personalentwicklung - Team Disposition erweitert","description":"Personal Entwicklung bei artlogic: wir bauen das Team Disposition in Deutschland und Spanien aus. Wir freuen uns \u00fcber drei neue Disponenten.","robots":{"index":"index","follow":"follow","max-snippet":"max-snippet:-1","max-image-preview":"max-image-preview:large","max-video-preview":"max-video-preview:-1"},"canonical":"https:\/\/artlogic.biz\/de\/personalentwicklung-im-artlogic-team\/","og_locale":"de_DE","og_type":"article","og_title":"artlogic | Personalentwicklung - Team Disposition erweitert","og_description":"Personal Entwicklung bei artlogic: wir bauen das Team Disposition in Deutschland und Spanien aus. Wir freuen uns \u00fcber drei neue Disponenten.","og_url":"https:\/\/artlogic.biz\/de\/personalentwicklung-im-artlogic-team\/","og_site_name":"artlogic","article_published_time":"2021-06-21T11:27:22+00:00","article_modified_time":"2021-09-29T11:09:17+00:00","og_image":[{"width":1200,"height":630,"url":"https:\/\/artlogic.biz\/wp-content\/uploads\/Team-new.png","type":"image\/png"}],"author":"Anja","twitter_card":"summary_large_image","twitter_misc":{"Verfasst von":"Anja","Gesch\u00e4tzte Lesezeit":"1\u00a0Minute"},"schema":{"@context":"https:\/\/schema.org","@graph":[{"@type":"WebPage","@id":"https:\/\/artlogic.biz\/de\/personalentwicklung-im-artlogic-team\/","url":"https:\/\/artlogic.biz\/de\/personalentwicklung-im-artlogic-team\/","name":"artlogic | Personalentwicklung - Team Disposition erweitert","isPartOf":{"@id":"https:\/\/artlogic.biz\/de\/#website"},"primaryImageOfPage":{"@id":"https:\/\/artlogic.biz\/de\/personalentwicklung-im-artlogic-team\/#primaryimage"},"image":{"@id":"https:\/\/artlogic.biz\/de\/personalentwicklung-im-artlogic-team\/#primaryimage"},"thumbnailUrl":"https:\/\/artlogic.biz\/wp-content\/uploads\/Team-new.png","datePublished":"2021-06-21T11:27:22+00:00","dateModified":"2021-09-29T11:09:17+00:00","author":{"@id":"https:\/\/artlogic.biz\/de\/#\/schema\/person\/c88643c04c638f5adbca92f0fec5425c"},"description":"Personal Entwicklung bei artlogic: wir bauen das Team Disposition in Deutschland und Spanien aus. Wir freuen uns \u00fcber drei neue Disponenten.","breadcrumb":{"@id":"https:\/\/artlogic.biz\/de\/personalentwicklung-im-artlogic-team\/#breadcrumb"},"inLanguage":"de","potentialAction":[{"@type":"ReadAction","target":["https:\/\/artlogic.biz\/de\/personalentwicklung-im-artlogic-team\/"]}]},{"@type":"ImageObject","inLanguage":"de","@id":"https:\/\/artlogic.biz\/de\/personalentwicklung-im-artlogic-team\/#primaryimage","url":"https:\/\/artlogic.biz\/wp-content\/uploads\/Team-new.png","contentUrl":"https:\/\/artlogic.biz\/wp-content\/uploads\/Team-new.png","width":1200,"height":630,"caption":"Artlogic Team"},{"@type":"BreadcrumbList","@id":"https:\/\/artlogic.biz\/de\/personalentwicklung-im-artlogic-team\/#breadcrumb","itemListElement":[{"@type":"ListItem","position":1,"name":"Home","item":"https:\/\/artlogic.biz\/de\/home\/"},{"@type":"ListItem","position":2,"name":"Personalentwicklung im artlogic Team"}]},{"@type":"WebSite","@id":"https:\/\/artlogic.biz\/de\/#website","url":"https:\/\/artlogic.biz\/de\/","name":"artlogic","description":"","potentialAction":[{"@type":"SearchAction","target":{"@type":"EntryPoint","urlTemplate":"https:\/\/artlogic.biz\/de\/?s={search_term_string}"},"query-input":{"@type":"PropertyValueSpecification","valueRequired":true,"valueName":"search_term_string"}}],"inLanguage":"de"},{"@type":"Person","@id":"https:\/\/artlogic.biz\/de\/#\/schema\/person\/c88643c04c638f5adbca92f0fec5425c","name":"Anja"}]}},"_links":{"self":[{"href":"https:\/\/artlogic.biz\/de\/wp-json\/wp\/v2\/posts\/251140","targetHints":{"allow":["GET"]}}],"collection":[{"href":"https:\/\/artlogic.biz\/de\/wp-json\/wp\/v2\/posts"}],"about":[{"href":"https:\/\/artlogic.biz\/de\/wp-json\/wp\/v2\/types\/post"}],"author":[{"embeddable":true,"href":"https:\/\/artlogic.biz\/de\/wp-json\/wp\/v2\/users\/120"}],"replies":[{"embeddable":true,"href":"https:\/\/artlogic.biz\/de\/wp-json\/wp\/v2\/comments?post=251140"}],"version-history":[{"count":4,"href":"https:\/\/artlogic.biz\/de\/wp-json\/wp\/v2\/posts\/251140\/revisions"}],"predecessor-version":[{"id":274770,"href":"https:\/\/artlogic.biz\/de\/wp-json\/wp\/v2\/posts\/251140\/revisions\/274770"}],"wp:featuredmedia":[{"embeddable":true,"href":"https:\/\/artlogic.biz\/de\/wp-json\/wp\/v2\/media\/274401"}],"wp:attachment":[{"href":"https:\/\/artlogic.biz\/de\/wp-json\/wp\/v2\/media?parent=251140"}],"wp:term":[{"taxonomy":"category","embeddable":true,"href":"https:\/\/artlogic.biz\/de\/wp-json\/wp\/v2\/categories?post=251140"},{"taxonomy":"post_tag","embeddable":true,"href":"https:\/\/artlogic.biz\/de\/wp-json\/wp\/v2\/tags?post=251140"}],"curies":[{"name":"wp","href":"https:\/\/api.w.org\/{rel}","templated":true}]}}