{"id":251138,"date":"2021-06-21T13:26:04","date_gmt":"2021-06-21T11:26:04","guid":{"rendered":"https:\/\/artlogic.biz\/?p=251138"},"modified":"2021-09-29T13:09:53","modified_gmt":"2021-09-29T11:09:53","slug":"artlogic-jetzt-auch-in-portugal","status":"publish","type":"post","link":"https:\/\/artlogic.biz\/de\/artlogic-jetzt-auch-in-portugal\/","title":{"rendered":"artlogic jetzt auch in Portugal"},"content":{"rendered":"<p><span style=\"font-weight: 400;\">&#8222;Your European Crew Supplier&#8220; nehmen wir w\u00f6rtlich &#8211; das artlogic-Netzwerk ist jetzt um ein weiteres Mitglied gewachsen. <\/span><\/p>\n<p><span style=\"font-weight: 400;\">Im letzten Jahr haben wir unser B\u00fcro in Paris er\u00f6ffnet. Nach Frankreich starten wir jetzt auch in Portugal, um dem wachsenden Bedarf in Lissabon und Porto gerecht zu werden.<br \/>\nKomplette L\u00f6sungen, Vor-Ort-Abwicklung und lokales Know-How und Crew; das ist &#8211; wie \u00fcberall &#8211; auch in den neuen Offices unsere St\u00e4rke.<\/span><\/p>\n<p><span style=\"font-weight: 400;\">W\u00e4hrend des letzten Jahrzehnts haben wir bereits Projekte in Portugal durchgef\u00fchrt &#8211; immer\u00a0 mit Teams aus den Nachbarl\u00e4ndern oder mit Partnern, die unseren Anspruch an Qualit\u00e4t von Dienstleistungen teilen.<br \/>\n<\/span><span style=\"font-weight: 400;\">Jetzt haben wir uns mit einer neuen Gesellschaft eine eigene Struktur in Portugal geschaffen. Diese bietet Ihnen die gewohnten Abl\u00e4ufe, Arbeitsdynamik und Qualit\u00e4t, die<\/span><span style=\"font-weight: 400;\">\u00a0Sie von artlogic gewohnt sind. <\/span><\/p>\n<p><span style=\"font-weight: 400;\">Besonders stolz sind wir dar\u00fcber, mit dem neuen B\u00fcro als eines der ersten Projekte vor Ort das Finale der Champions League 2021 im Est\u00e1dio do Drag\u00e3o in Porto erhalten zu haben.<\/span><\/p>\n<p><span style=\"font-weight: 400;\">Gerne geben wir Ihnen mehr Einblicke in unser europ\u00e4isches Netzwerk und wie wir l\u00e4nder\u00fcbergreifend zusammenarbeiten: <\/span><a href=\"https:\/\/artlogic.biz\/de\/kontakt\/\"><span style=\"font-weight: 400;\">https:\/\/artlogic.biz\/de\/kontakt\/<\/span><\/a><\/p>\n","protected":false},"excerpt":{"rendered":"<p>&#8222;Your European Crew Supplier&#8220; nehmen wir w\u00f6rtlich &#8211; das artlogic-Netzwerk ist jetzt um ein weiteres Mitglied gewachsen. Im letzten Jahr haben wir unser B\u00fcro in Paris er\u00f6ffnet. Nach Frankreich starten wir jetzt auch in Portugal, um dem wachsenden Bedarf in Lissabon und Porto gerecht zu werden. Komplette L\u00f6sungen, Vor-Ort-Abwicklung und lokales Know-How und Crew; das [&hellip;]<\/p>\n","protected":false},"author":120,"featured_media":274419,"comment_status":"closed","ping_status":"open","sticky":false,"template":"","format":"standard","meta":{"footnotes":""},"categories":[1],"tags":[],"class_list":["post-251138","post","type-post","status-publish","format-standard","has-post-thumbnail","hentry","category-allgemein"],"yoast_head":"<!-- This site is optimized with the Yoast SEO plugin v25.7 - https:\/\/yoast.com\/wordpress\/plugins\/seo\/ -->\n<title>artlogic | Netzwerk ausgebaut: Neues B\u00fcro in Portugal<\/title>\n<meta name=\"description\" content=\"artlogic erweitert sein europ\u00e4isches Netzwerk um ein weiteres B\u00fcro: Nach Frankreich ist Portugal neues Mitglied beim European Crew Supplier.\" \/>\n<meta name=\"robots\" content=\"index, follow, max-snippet:-1, max-image-preview:large, max-video-preview:-1\" \/>\n<link rel=\"canonical\" href=\"https:\/\/artlogic.biz\/de\/artlogic-jetzt-auch-in-portugal\/\" \/>\n<meta property=\"og:locale\" content=\"de_DE\" \/>\n<meta property=\"og:type\" content=\"article\" \/>\n<meta property=\"og:title\" content=\"artlogic | Netzwerk ausgebaut: Neues B\u00fcro in Portugal\" \/>\n<meta property=\"og:description\" content=\"artlogic erweitert sein europ\u00e4isches Netzwerk um ein weiteres B\u00fcro: Nach Frankreich ist Portugal neues Mitglied beim European Crew Supplier.\" \/>\n<meta property=\"og:url\" content=\"https:\/\/artlogic.biz\/de\/artlogic-jetzt-auch-in-portugal\/\" \/>\n<meta property=\"og:site_name\" content=\"artlogic\" \/>\n<meta property=\"article:published_time\" content=\"2021-06-21T11:26:04+00:00\" \/>\n<meta property=\"article:modified_time\" content=\"2021-09-29T11:09:53+00:00\" \/>\n<meta property=\"og:image\" content=\"https:\/\/artlogic.biz\/wp-content\/uploads\/Portugal-2-new.png\" \/>\n\t<meta property=\"og:image:width\" content=\"1200\" \/>\n\t<meta property=\"og:image:height\" content=\"630\" \/>\n\t<meta property=\"og:image:type\" content=\"image\/png\" \/>\n<meta name=\"author\" content=\"Anja\" \/>\n<meta name=\"twitter:card\" content=\"summary_large_image\" \/>\n<meta name=\"twitter:label1\" content=\"Verfasst von\" \/>\n\t<meta name=\"twitter:data1\" content=\"Anja\" \/>\n\t<meta name=\"twitter:label2\" content=\"Gesch\u00e4tzte Lesezeit\" \/>\n\t<meta name=\"twitter:data2\" content=\"1\u00a0Minute\" \/>\n<script type=\"application\/ld+json\" class=\"yoast-schema-graph\">{\"@context\":\"https:\/\/schema.org\",\"@graph\":[{\"@type\":\"WebPage\",\"@id\":\"https:\/\/artlogic.biz\/de\/artlogic-jetzt-auch-in-portugal\/\",\"url\":\"https:\/\/artlogic.biz\/de\/artlogic-jetzt-auch-in-portugal\/\",\"name\":\"artlogic | Netzwerk ausgebaut: Neues B\u00fcro in Portugal\",\"isPartOf\":{\"@id\":\"https:\/\/artlogic.biz\/de\/#website\"},\"primaryImageOfPage\":{\"@id\":\"https:\/\/artlogic.biz\/de\/artlogic-jetzt-auch-in-portugal\/#primaryimage\"},\"image\":{\"@id\":\"https:\/\/artlogic.biz\/de\/artlogic-jetzt-auch-in-portugal\/#primaryimage\"},\"thumbnailUrl\":\"https:\/\/artlogic.biz\/wp-content\/uploads\/Portugal-2-new.png\",\"datePublished\":\"2021-06-21T11:26:04+00:00\",\"dateModified\":\"2021-09-29T11:09:53+00:00\",\"author\":{\"@id\":\"https:\/\/artlogic.biz\/de\/#\/schema\/person\/c88643c04c638f5adbca92f0fec5425c\"},\"description\":\"artlogic erweitert sein europ\u00e4isches Netzwerk um ein weiteres B\u00fcro: Nach Frankreich ist Portugal neues Mitglied beim European Crew Supplier.\",\"breadcrumb\":{\"@id\":\"https:\/\/artlogic.biz\/de\/artlogic-jetzt-auch-in-portugal\/#breadcrumb\"},\"inLanguage\":\"de\",\"potentialAction\":[{\"@type\":\"ReadAction\",\"target\":[\"https:\/\/artlogic.biz\/de\/artlogic-jetzt-auch-in-portugal\/\"]}]},{\"@type\":\"ImageObject\",\"inLanguage\":\"de\",\"@id\":\"https:\/\/artlogic.biz\/de\/artlogic-jetzt-auch-in-portugal\/#primaryimage\",\"url\":\"https:\/\/artlogic.biz\/wp-content\/uploads\/Portugal-2-new.png\",\"contentUrl\":\"https:\/\/artlogic.biz\/wp-content\/uploads\/Portugal-2-new.png\",\"width\":1200,\"height\":630,\"caption\":\"Artlogic Portugal\"},{\"@type\":\"BreadcrumbList\",\"@id\":\"https:\/\/artlogic.biz\/de\/artlogic-jetzt-auch-in-portugal\/#breadcrumb\",\"itemListElement\":[{\"@type\":\"ListItem\",\"position\":1,\"name\":\"Home\",\"item\":\"https:\/\/artlogic.biz\/de\/home\/\"},{\"@type\":\"ListItem\",\"position\":2,\"name\":\"artlogic jetzt auch in Portugal\"}]},{\"@type\":\"WebSite\",\"@id\":\"https:\/\/artlogic.biz\/de\/#website\",\"url\":\"https:\/\/artlogic.biz\/de\/\",\"name\":\"artlogic\",\"description\":\"\",\"potentialAction\":[{\"@type\":\"SearchAction\",\"target\":{\"@type\":\"EntryPoint\",\"urlTemplate\":\"https:\/\/artlogic.biz\/de\/?s={search_term_string}\"},\"query-input\":{\"@type\":\"PropertyValueSpecification\",\"valueRequired\":true,\"valueName\":\"search_term_string\"}}],\"inLanguage\":\"de\"},{\"@type\":\"Person\",\"@id\":\"https:\/\/artlogic.biz\/de\/#\/schema\/person\/c88643c04c638f5adbca92f0fec5425c\",\"name\":\"Anja\"}]}<\/script>\n<!-- \/ Yoast SEO plugin. -->","yoast_head_json":{"title":"artlogic | Netzwerk ausgebaut: Neues B\u00fcro in Portugal","description":"artlogic erweitert sein europ\u00e4isches Netzwerk um ein weiteres B\u00fcro: Nach Frankreich ist Portugal neues Mitglied beim European Crew Supplier.","robots":{"index":"index","follow":"follow","max-snippet":"max-snippet:-1","max-image-preview":"max-image-preview:large","max-video-preview":"max-video-preview:-1"},"canonical":"https:\/\/artlogic.biz\/de\/artlogic-jetzt-auch-in-portugal\/","og_locale":"de_DE","og_type":"article","og_title":"artlogic | Netzwerk ausgebaut: Neues B\u00fcro in Portugal","og_description":"artlogic erweitert sein europ\u00e4isches Netzwerk um ein weiteres B\u00fcro: Nach Frankreich ist Portugal neues Mitglied beim European Crew Supplier.","og_url":"https:\/\/artlogic.biz\/de\/artlogic-jetzt-auch-in-portugal\/","og_site_name":"artlogic","article_published_time":"2021-06-21T11:26:04+00:00","article_modified_time":"2021-09-29T11:09:53+00:00","og_image":[{"width":1200,"height":630,"url":"https:\/\/artlogic.biz\/wp-content\/uploads\/Portugal-2-new.png","type":"image\/png"}],"author":"Anja","twitter_card":"summary_large_image","twitter_misc":{"Verfasst von":"Anja","Gesch\u00e4tzte Lesezeit":"1\u00a0Minute"},"schema":{"@context":"https:\/\/schema.org","@graph":[{"@type":"WebPage","@id":"https:\/\/artlogic.biz\/de\/artlogic-jetzt-auch-in-portugal\/","url":"https:\/\/artlogic.biz\/de\/artlogic-jetzt-auch-in-portugal\/","name":"artlogic | Netzwerk ausgebaut: Neues B\u00fcro in Portugal","isPartOf":{"@id":"https:\/\/artlogic.biz\/de\/#website"},"primaryImageOfPage":{"@id":"https:\/\/artlogic.biz\/de\/artlogic-jetzt-auch-in-portugal\/#primaryimage"},"image":{"@id":"https:\/\/artlogic.biz\/de\/artlogic-jetzt-auch-in-portugal\/#primaryimage"},"thumbnailUrl":"https:\/\/artlogic.biz\/wp-content\/uploads\/Portugal-2-new.png","datePublished":"2021-06-21T11:26:04+00:00","dateModified":"2021-09-29T11:09:53+00:00","author":{"@id":"https:\/\/artlogic.biz\/de\/#\/schema\/person\/c88643c04c638f5adbca92f0fec5425c"},"description":"artlogic erweitert sein europ\u00e4isches Netzwerk um ein weiteres B\u00fcro: Nach Frankreich ist Portugal neues Mitglied beim European Crew Supplier.","breadcrumb":{"@id":"https:\/\/artlogic.biz\/de\/artlogic-jetzt-auch-in-portugal\/#breadcrumb"},"inLanguage":"de","potentialAction":[{"@type":"ReadAction","target":["https:\/\/artlogic.biz\/de\/artlogic-jetzt-auch-in-portugal\/"]}]},{"@type":"ImageObject","inLanguage":"de","@id":"https:\/\/artlogic.biz\/de\/artlogic-jetzt-auch-in-portugal\/#primaryimage","url":"https:\/\/artlogic.biz\/wp-content\/uploads\/Portugal-2-new.png","contentUrl":"https:\/\/artlogic.biz\/wp-content\/uploads\/Portugal-2-new.png","width":1200,"height":630,"caption":"Artlogic Portugal"},{"@type":"BreadcrumbList","@id":"https:\/\/artlogic.biz\/de\/artlogic-jetzt-auch-in-portugal\/#breadcrumb","itemListElement":[{"@type":"ListItem","position":1,"name":"Home","item":"https:\/\/artlogic.biz\/de\/home\/"},{"@type":"ListItem","position":2,"name":"artlogic jetzt auch in Portugal"}]},{"@type":"WebSite","@id":"https:\/\/artlogic.biz\/de\/#website","url":"https:\/\/artlogic.biz\/de\/","name":"artlogic","description":"","potentialAction":[{"@type":"SearchAction","target":{"@type":"EntryPoint","urlTemplate":"https:\/\/artlogic.biz\/de\/?s={search_term_string}"},"query-input":{"@type":"PropertyValueSpecification","valueRequired":true,"valueName":"search_term_string"}}],"inLanguage":"de"},{"@type":"Person","@id":"https:\/\/artlogic.biz\/de\/#\/schema\/person\/c88643c04c638f5adbca92f0fec5425c","name":"Anja"}]}},"_links":{"self":[{"href":"https:\/\/artlogic.biz\/de\/wp-json\/wp\/v2\/posts\/251138","targetHints":{"allow":["GET"]}}],"collection":[{"href":"https:\/\/artlogic.biz\/de\/wp-json\/wp\/v2\/posts"}],"about":[{"href":"https:\/\/artlogic.biz\/de\/wp-json\/wp\/v2\/types\/post"}],"author":[{"embeddable":true,"href":"https:\/\/artlogic.biz\/de\/wp-json\/wp\/v2\/users\/120"}],"replies":[{"embeddable":true,"href":"https:\/\/artlogic.biz\/de\/wp-json\/wp\/v2\/comments?post=251138"}],"version-history":[{"count":3,"href":"https:\/\/artlogic.biz\/de\/wp-json\/wp\/v2\/posts\/251138\/revisions"}],"predecessor-version":[{"id":274771,"href":"https:\/\/artlogic.biz\/de\/wp-json\/wp\/v2\/posts\/251138\/revisions\/274771"}],"wp:featuredmedia":[{"embeddable":true,"href":"https:\/\/artlogic.biz\/de\/wp-json\/wp\/v2\/media\/274419"}],"wp:attachment":[{"href":"https:\/\/artlogic.biz\/de\/wp-json\/wp\/v2\/media?parent=251138"}],"wp:term":[{"taxonomy":"category","embeddable":true,"href":"https:\/\/artlogic.biz\/de\/wp-json\/wp\/v2\/categories?post=251138"},{"taxonomy":"post_tag","embeddable":true,"href":"https:\/\/artlogic.biz\/de\/wp-json\/wp\/v2\/tags?post=251138"}],"curies":[{"name":"wp","href":"https:\/\/api.w.org\/{rel}","templated":true}]}}