{"id":232896,"date":"2021-04-30T10:06:16","date_gmt":"2021-04-30T08:06:16","guid":{"rendered":"https:\/\/artlogic.biz\/?p=232896"},"modified":"2021-09-29T13:15:39","modified_gmt":"2021-09-29T11:15:39","slug":"bald-kommt-der-anpfiff-die-fussball-europameisterschaft-2021","status":"publish","type":"post","link":"https:\/\/artlogic.biz\/de\/bald-kommt-der-anpfiff-die-fussball-europameisterschaft-2021\/","title":{"rendered":"Bald kommt der Anpfiff: Die Fu\u00dfball Europameisterschaft 2021"},"content":{"rendered":"<p><span style=\"font-weight: 400;\">Lange haben wir darauf gewartet, bald startet die EM 2021.<br \/>\nWie schon bei fr\u00fcheren Meisterschaften ist auch dieses Jahr artlogic europaweit mit dabei. <\/span><span style=\"font-weight: 400;\">In vielen Arenen im In- und Ausland sind unsere Show Crews und Loading Crews im Einsatz.<\/span><\/p>\n<p><span style=\"font-weight: 400;\">Dabei sind unsere Aufgaben im und rund ums Stadion wieder vielf\u00e4ltig:\u00a0<\/span><span style=\"font-weight: 400;\">Auf- und Abbau von Absperrungen, Publikumsleitsysteme, LED-Walls, LED-Spielfeldbegrenzungen, B\u00fchnen und vieles mehr.<br \/>\n<\/span><span style=\"font-weight: 400;\">Unsere Mannschaft aus Stagehands, Staplerfahrern, TechAssists und Technikern wird hier wieder tatkr\u00e4ftig mit anpacken. <\/span><span style=\"font-weight: 400;\">Eingespielte und geschulte Teams und eine bew\u00e4hrte Reservebank aus Spares sorgen f\u00fcr einen reibungslosen Ablauf.<br \/>\n<\/span><\/p>\n<p><span style=\"font-weight: 400;\">Unterst\u00fctzt von unserer professionellen Software vereinfacht sich die Organisation Ihres Projektes f\u00fcr Sie von der Planungsphase bis zum Projektabschluss.<br \/>\n<\/span><span style=\"font-weight: 400;\">Wir haben auch f\u00fcr Ihr Projekt die richtige \u201cAufstellung\u201d &#8211; sprechen Sie uns an!<\/span><\/p>\n<p><span style=\"font-weight: 400;\">Your Championship, our Crew<\/span><\/p>\n","protected":false},"excerpt":{"rendered":"<p>Lange haben wir darauf gewartet, bald startet die EM 2021. Wie schon bei fr\u00fcheren Meisterschaften ist auch dieses Jahr artlogic europaweit mit dabei. In vielen Arenen im In- und Ausland sind unsere Show Crews und Loading Crews im Einsatz. Dabei sind unsere Aufgaben im und rund ums Stadion wieder vielf\u00e4ltig:\u00a0Auf- und Abbau von Absperrungen, Publikumsleitsysteme, [&hellip;]<\/p>\n","protected":false},"author":120,"featured_media":274509,"comment_status":"closed","ping_status":"open","sticky":false,"template":"","format":"standard","meta":{"footnotes":""},"categories":[1],"tags":[],"class_list":["post-232896","post","type-post","status-publish","format-standard","has-post-thumbnail","hentry","category-allgemein"],"yoast_head":"<!-- This site is optimized with the Yoast SEO plugin v25.7 - https:\/\/yoast.com\/wordpress\/plugins\/seo\/ -->\n<title>artlogic | Anpfiff zur Fu\u00dfball Europameisterschaft<\/title>\n<meta name=\"description\" content=\"Endlich geht die Fu\u00dfball Europameisterschaft los. artlogic freut sich, wieder an mehreren Standorten mit unseren Crews tatkr\u00e4ftig mit anpacken zu d\u00fcrfen.\" \/>\n<meta name=\"robots\" content=\"index, follow, max-snippet:-1, max-image-preview:large, max-video-preview:-1\" \/>\n<link rel=\"canonical\" href=\"https:\/\/artlogic.biz\/de\/bald-kommt-der-anpfiff-die-fussball-europameisterschaft-2021\/\" \/>\n<meta property=\"og:locale\" content=\"de_DE\" \/>\n<meta property=\"og:type\" content=\"article\" \/>\n<meta property=\"og:title\" content=\"artlogic | Anpfiff zur Fu\u00dfball Europameisterschaft\" \/>\n<meta property=\"og:description\" content=\"Endlich geht die Fu\u00dfball Europameisterschaft los. artlogic freut sich, wieder an mehreren Standorten mit unseren Crews tatkr\u00e4ftig mit anpacken zu d\u00fcrfen.\" \/>\n<meta property=\"og:url\" content=\"https:\/\/artlogic.biz\/de\/bald-kommt-der-anpfiff-die-fussball-europameisterschaft-2021\/\" \/>\n<meta property=\"og:site_name\" content=\"artlogic\" \/>\n<meta property=\"article:published_time\" content=\"2021-04-30T08:06:16+00:00\" \/>\n<meta property=\"article:modified_time\" content=\"2021-09-29T11:15:39+00:00\" \/>\n<meta property=\"og:image\" content=\"https:\/\/artlogic.biz\/wp-content\/uploads\/Football-new.png\" \/>\n\t<meta property=\"og:image:width\" content=\"1200\" \/>\n\t<meta property=\"og:image:height\" content=\"630\" \/>\n\t<meta property=\"og:image:type\" content=\"image\/png\" \/>\n<meta name=\"author\" content=\"Anja\" \/>\n<meta name=\"twitter:card\" content=\"summary_large_image\" \/>\n<meta name=\"twitter:label1\" content=\"Verfasst von\" \/>\n\t<meta name=\"twitter:data1\" content=\"Anja\" \/>\n\t<meta name=\"twitter:label2\" content=\"Gesch\u00e4tzte Lesezeit\" \/>\n\t<meta name=\"twitter:data2\" content=\"1\u00a0Minute\" \/>\n<script type=\"application\/ld+json\" class=\"yoast-schema-graph\">{\"@context\":\"https:\/\/schema.org\",\"@graph\":[{\"@type\":\"WebPage\",\"@id\":\"https:\/\/artlogic.biz\/de\/bald-kommt-der-anpfiff-die-fussball-europameisterschaft-2021\/\",\"url\":\"https:\/\/artlogic.biz\/de\/bald-kommt-der-anpfiff-die-fussball-europameisterschaft-2021\/\",\"name\":\"artlogic | Anpfiff zur Fu\u00dfball Europameisterschaft\",\"isPartOf\":{\"@id\":\"https:\/\/artlogic.biz\/de\/#website\"},\"primaryImageOfPage\":{\"@id\":\"https:\/\/artlogic.biz\/de\/bald-kommt-der-anpfiff-die-fussball-europameisterschaft-2021\/#primaryimage\"},\"image\":{\"@id\":\"https:\/\/artlogic.biz\/de\/bald-kommt-der-anpfiff-die-fussball-europameisterschaft-2021\/#primaryimage\"},\"thumbnailUrl\":\"https:\/\/artlogic.biz\/wp-content\/uploads\/Football-new.png\",\"datePublished\":\"2021-04-30T08:06:16+00:00\",\"dateModified\":\"2021-09-29T11:15:39+00:00\",\"author\":{\"@id\":\"https:\/\/artlogic.biz\/de\/#\/schema\/person\/c88643c04c638f5adbca92f0fec5425c\"},\"description\":\"Endlich geht die Fu\u00dfball Europameisterschaft los. artlogic freut sich, wieder an mehreren Standorten mit unseren Crews tatkr\u00e4ftig mit anpacken zu d\u00fcrfen.\",\"breadcrumb\":{\"@id\":\"https:\/\/artlogic.biz\/de\/bald-kommt-der-anpfiff-die-fussball-europameisterschaft-2021\/#breadcrumb\"},\"inLanguage\":\"de\",\"potentialAction\":[{\"@type\":\"ReadAction\",\"target\":[\"https:\/\/artlogic.biz\/de\/bald-kommt-der-anpfiff-die-fussball-europameisterschaft-2021\/\"]}]},{\"@type\":\"ImageObject\",\"inLanguage\":\"de\",\"@id\":\"https:\/\/artlogic.biz\/de\/bald-kommt-der-anpfiff-die-fussball-europameisterschaft-2021\/#primaryimage\",\"url\":\"https:\/\/artlogic.biz\/wp-content\/uploads\/Football-new.png\",\"contentUrl\":\"https:\/\/artlogic.biz\/wp-content\/uploads\/Football-new.png\",\"width\":1200,\"height\":630,\"caption\":\"Artlogic Fu\u00dfball Europameisterschaft\"},{\"@type\":\"BreadcrumbList\",\"@id\":\"https:\/\/artlogic.biz\/de\/bald-kommt-der-anpfiff-die-fussball-europameisterschaft-2021\/#breadcrumb\",\"itemListElement\":[{\"@type\":\"ListItem\",\"position\":1,\"name\":\"Home\",\"item\":\"https:\/\/artlogic.biz\/de\/home\/\"},{\"@type\":\"ListItem\",\"position\":2,\"name\":\"Bald kommt der Anpfiff: Die Fu\u00dfball Europameisterschaft 2021\"}]},{\"@type\":\"WebSite\",\"@id\":\"https:\/\/artlogic.biz\/de\/#website\",\"url\":\"https:\/\/artlogic.biz\/de\/\",\"name\":\"artlogic\",\"description\":\"\",\"potentialAction\":[{\"@type\":\"SearchAction\",\"target\":{\"@type\":\"EntryPoint\",\"urlTemplate\":\"https:\/\/artlogic.biz\/de\/?s={search_term_string}\"},\"query-input\":{\"@type\":\"PropertyValueSpecification\",\"valueRequired\":true,\"valueName\":\"search_term_string\"}}],\"inLanguage\":\"de\"},{\"@type\":\"Person\",\"@id\":\"https:\/\/artlogic.biz\/de\/#\/schema\/person\/c88643c04c638f5adbca92f0fec5425c\",\"name\":\"Anja\"}]}<\/script>\n<!-- \/ Yoast SEO plugin. -->","yoast_head_json":{"title":"artlogic | Anpfiff zur Fu\u00dfball Europameisterschaft","description":"Endlich geht die Fu\u00dfball Europameisterschaft los. artlogic freut sich, wieder an mehreren Standorten mit unseren Crews tatkr\u00e4ftig mit anpacken zu d\u00fcrfen.","robots":{"index":"index","follow":"follow","max-snippet":"max-snippet:-1","max-image-preview":"max-image-preview:large","max-video-preview":"max-video-preview:-1"},"canonical":"https:\/\/artlogic.biz\/de\/bald-kommt-der-anpfiff-die-fussball-europameisterschaft-2021\/","og_locale":"de_DE","og_type":"article","og_title":"artlogic | Anpfiff zur Fu\u00dfball Europameisterschaft","og_description":"Endlich geht die Fu\u00dfball Europameisterschaft los. artlogic freut sich, wieder an mehreren Standorten mit unseren Crews tatkr\u00e4ftig mit anpacken zu d\u00fcrfen.","og_url":"https:\/\/artlogic.biz\/de\/bald-kommt-der-anpfiff-die-fussball-europameisterschaft-2021\/","og_site_name":"artlogic","article_published_time":"2021-04-30T08:06:16+00:00","article_modified_time":"2021-09-29T11:15:39+00:00","og_image":[{"width":1200,"height":630,"url":"https:\/\/artlogic.biz\/wp-content\/uploads\/Football-new.png","type":"image\/png"}],"author":"Anja","twitter_card":"summary_large_image","twitter_misc":{"Verfasst von":"Anja","Gesch\u00e4tzte Lesezeit":"1\u00a0Minute"},"schema":{"@context":"https:\/\/schema.org","@graph":[{"@type":"WebPage","@id":"https:\/\/artlogic.biz\/de\/bald-kommt-der-anpfiff-die-fussball-europameisterschaft-2021\/","url":"https:\/\/artlogic.biz\/de\/bald-kommt-der-anpfiff-die-fussball-europameisterschaft-2021\/","name":"artlogic | Anpfiff zur Fu\u00dfball Europameisterschaft","isPartOf":{"@id":"https:\/\/artlogic.biz\/de\/#website"},"primaryImageOfPage":{"@id":"https:\/\/artlogic.biz\/de\/bald-kommt-der-anpfiff-die-fussball-europameisterschaft-2021\/#primaryimage"},"image":{"@id":"https:\/\/artlogic.biz\/de\/bald-kommt-der-anpfiff-die-fussball-europameisterschaft-2021\/#primaryimage"},"thumbnailUrl":"https:\/\/artlogic.biz\/wp-content\/uploads\/Football-new.png","datePublished":"2021-04-30T08:06:16+00:00","dateModified":"2021-09-29T11:15:39+00:00","author":{"@id":"https:\/\/artlogic.biz\/de\/#\/schema\/person\/c88643c04c638f5adbca92f0fec5425c"},"description":"Endlich geht die Fu\u00dfball Europameisterschaft los. artlogic freut sich, wieder an mehreren Standorten mit unseren Crews tatkr\u00e4ftig mit anpacken zu d\u00fcrfen.","breadcrumb":{"@id":"https:\/\/artlogic.biz\/de\/bald-kommt-der-anpfiff-die-fussball-europameisterschaft-2021\/#breadcrumb"},"inLanguage":"de","potentialAction":[{"@type":"ReadAction","target":["https:\/\/artlogic.biz\/de\/bald-kommt-der-anpfiff-die-fussball-europameisterschaft-2021\/"]}]},{"@type":"ImageObject","inLanguage":"de","@id":"https:\/\/artlogic.biz\/de\/bald-kommt-der-anpfiff-die-fussball-europameisterschaft-2021\/#primaryimage","url":"https:\/\/artlogic.biz\/wp-content\/uploads\/Football-new.png","contentUrl":"https:\/\/artlogic.biz\/wp-content\/uploads\/Football-new.png","width":1200,"height":630,"caption":"Artlogic Fu\u00dfball Europameisterschaft"},{"@type":"BreadcrumbList","@id":"https:\/\/artlogic.biz\/de\/bald-kommt-der-anpfiff-die-fussball-europameisterschaft-2021\/#breadcrumb","itemListElement":[{"@type":"ListItem","position":1,"name":"Home","item":"https:\/\/artlogic.biz\/de\/home\/"},{"@type":"ListItem","position":2,"name":"Bald kommt der Anpfiff: Die Fu\u00dfball Europameisterschaft 2021"}]},{"@type":"WebSite","@id":"https:\/\/artlogic.biz\/de\/#website","url":"https:\/\/artlogic.biz\/de\/","name":"artlogic","description":"","potentialAction":[{"@type":"SearchAction","target":{"@type":"EntryPoint","urlTemplate":"https:\/\/artlogic.biz\/de\/?s={search_term_string}"},"query-input":{"@type":"PropertyValueSpecification","valueRequired":true,"valueName":"search_term_string"}}],"inLanguage":"de"},{"@type":"Person","@id":"https:\/\/artlogic.biz\/de\/#\/schema\/person\/c88643c04c638f5adbca92f0fec5425c","name":"Anja"}]}},"_links":{"self":[{"href":"https:\/\/artlogic.biz\/de\/wp-json\/wp\/v2\/posts\/232896","targetHints":{"allow":["GET"]}}],"collection":[{"href":"https:\/\/artlogic.biz\/de\/wp-json\/wp\/v2\/posts"}],"about":[{"href":"https:\/\/artlogic.biz\/de\/wp-json\/wp\/v2\/types\/post"}],"author":[{"embeddable":true,"href":"https:\/\/artlogic.biz\/de\/wp-json\/wp\/v2\/users\/120"}],"replies":[{"embeddable":true,"href":"https:\/\/artlogic.biz\/de\/wp-json\/wp\/v2\/comments?post=232896"}],"version-history":[{"count":3,"href":"https:\/\/artlogic.biz\/de\/wp-json\/wp\/v2\/posts\/232896\/revisions"}],"predecessor-version":[{"id":672092,"href":"https:\/\/artlogic.biz\/de\/wp-json\/wp\/v2\/posts\/232896\/revisions\/672092"}],"wp:featuredmedia":[{"embeddable":true,"href":"https:\/\/artlogic.biz\/de\/wp-json\/wp\/v2\/media\/274509"}],"wp:attachment":[{"href":"https:\/\/artlogic.biz\/de\/wp-json\/wp\/v2\/media?parent=232896"}],"wp:term":[{"taxonomy":"category","embeddable":true,"href":"https:\/\/artlogic.biz\/de\/wp-json\/wp\/v2\/categories?post=232896"},{"taxonomy":"post_tag","embeddable":true,"href":"https:\/\/artlogic.biz\/de\/wp-json\/wp\/v2\/tags?post=232896"}],"curies":[{"name":"wp","href":"https:\/\/api.w.org\/{rel}","templated":true}]}}