{"id":314502,"date":"2022-01-28T12:55:39","date_gmt":"2022-01-28T11:55:39","guid":{"rendered":"https:\/\/artlogic.biz\/mobile-world-congress-de-barcelona-2022\/"},"modified":"2022-01-28T12:58:17","modified_gmt":"2022-01-28T11:58:17","slug":"mobile-world-congress-de-barcelona-2022","status":"publish","type":"post","link":"https:\/\/artlogic.biz\/ca\/mobile-world-congress-de-barcelona-2022\/","title":{"rendered":"Mobile World Congress de Barcelona 2022"},"content":{"rendered":"<p>El GSMA Mobile World Congress de Barcelona \u00e9s el punt de trobada de la ind\u00fastria sense fil, a m\u00e9s de les innovacions de productes i seminaris amb les darreres tend\u00e8ncies a la ind\u00fastria de la tecnologia.<\/p>\n<p>La passada edici\u00f3 del Mobile World Congress amb prou feines va acudir un 20% dels visitants habituals i van fallar les grans empreses del sector. Tot i aix\u00f2, tant l&#8217;organitzaci\u00f3 com les administracions p\u00fabliques aquest any esperen m\u00e9s participaci\u00f3 presencial sent conscients que l&#8217;objectiu \u00e9s llan\u00e7ar un missatge per al futur: \u00e9s possible organitzar un congr\u00e9s amb les mesures sanit\u00e0ries adequades.<\/p>\n<p>La propera edici\u00f3 del Mobile World Congress ja t\u00e9 un 80% reservat de l&#8217;espai d&#8217;exhibici\u00f3 i la confirmaci\u00f3 d&#8217;assist\u00e8ncia de grans empreses com Google, Ericsson, Samsung, Vodafone, Deutsche Telekom i Nokia entre d&#8217;altres.<\/p>\n<p>El MWC no es va celebrar el 2020 a causa del COVID19, mentre que l&#8217;edici\u00f3 del 2021 es va dur a terme de manera semipresencial amb uns 20.000 assistents. Des de l&#8217;organitzaci\u00f3 monitoren di\u00e0riament l&#8217;evoluci\u00f3 de la pand\u00e8mia i que es prendran totes les decisions per protegir els assistents i treure l&#8217;esdeveniment a les dates programades, del 28 de febrer al 3 de mar\u00e7.<\/p>\n<p>A artlogic Espa\u00f1a donarem suport a les diferents \u00e0rees del congr\u00e9s MWC que se celebra anualment, comptem amb un equip din\u00e0mic capa\u00e7 d&#8217;adaptar-se a les necessitats particulars de cada client.<\/p>\n<p>La professionalitat \u00e9s la nostra m\u00e0xima garantia i la nostra recompensa \u00e9s el reconeixement per part dels nostres clients al servei prestat. Disposem d\u00b4una plantilla din\u00e0mica i especialitzada, formada i experimentada, amb els mitjans \u00f2ptims per oferir un servei adaptat a les necessitats dels nostres clients. Aquests s\u00f3n, entre d&#8217;altres, el nostre personal qualificat en muntatge i desmuntatge: Stagehands, assistant both builder, height op, runner, assistents t\u00e8cnics i t\u00e8cnics.<\/p>\n","protected":false},"excerpt":{"rendered":"<p>El GSMA Mobile World Congress de Barcelona \u00e9s el punt de trobada de la ind\u00fastria sense fil, a m\u00e9s de les innovacions de productes i seminaris amb les darreres tend\u00e8ncies a la ind\u00fastria de la tecnologia. La passada edici\u00f3 del Mobile World Congress amb prou feines va acudir un 20% dels visitants habituals i van [&hellip;]<\/p>\n","protected":false},"author":123,"featured_media":301484,"comment_status":"closed","ping_status":"open","sticky":false,"template":"","format":"standard","meta":{"footnotes":""},"categories":[245,242],"tags":[],"class_list":["post-314502","post","type-post","status-publish","format-standard","has-post-thumbnail","hentry","category-artlogic-ferias-es-ca","category-artlogic-international-es-ca"],"yoast_head":"<!-- This site is optimized with the Yoast SEO plugin v25.7 - https:\/\/yoast.com\/wordpress\/plugins\/seo\/ -->\n<title>Mobile World Congress de Barcelona 2022 - artlogic<\/title>\n<meta name=\"description\" content=\"Mobile World Congress de Barcelona \u00e9s el punt de trobada de la ind\u00fastria sense fil amb les darreres tend\u00e8ncies en la ind\u00fastria de la tecnologia.\" \/>\n<meta name=\"robots\" content=\"index, follow, max-snippet:-1, max-image-preview:large, max-video-preview:-1\" \/>\n<link rel=\"canonical\" href=\"https:\/\/artlogic.biz\/ca\/mobile-world-congress-de-barcelona-2022\/\" \/>\n<meta property=\"og:locale\" content=\"ca_ES\" \/>\n<meta property=\"og:type\" content=\"article\" \/>\n<meta property=\"og:title\" content=\"Mobile World Congress de Barcelona 2022 - artlogic\" \/>\n<meta property=\"og:description\" content=\"Mobile World Congress de Barcelona \u00e9s el punt de trobada de la ind\u00fastria sense fil amb les darreres tend\u00e8ncies en la ind\u00fastria de la tecnologia.\" \/>\n<meta property=\"og:url\" content=\"https:\/\/artlogic.biz\/ca\/mobile-world-congress-de-barcelona-2022\/\" \/>\n<meta property=\"og:site_name\" content=\"artlogic\" \/>\n<meta property=\"article:published_time\" content=\"2022-01-28T11:55:39+00:00\" \/>\n<meta property=\"article:modified_time\" content=\"2022-01-28T11:58:17+00:00\" \/>\n<meta property=\"og:image\" content=\"https:\/\/artlogic.biz\/wp-content\/uploads\/Sans-titre-7.png\" \/>\n\t<meta property=\"og:image:width\" content=\"1200\" \/>\n\t<meta property=\"og:image:height\" content=\"630\" \/>\n\t<meta property=\"og:image:type\" content=\"image\/png\" \/>\n<meta name=\"author\" content=\"Jose\" \/>\n<meta name=\"twitter:card\" content=\"summary_large_image\" \/>\n<meta name=\"twitter:label1\" content=\"Escrit per\" \/>\n\t<meta name=\"twitter:data1\" content=\"Jose\" \/>\n\t<meta name=\"twitter:label2\" content=\"Temps estimat de lectura\" \/>\n\t<meta name=\"twitter:data2\" content=\"2 minuts\" \/>\n<script type=\"application\/ld+json\" class=\"yoast-schema-graph\">{\"@context\":\"https:\/\/schema.org\",\"@graph\":[{\"@type\":\"WebPage\",\"@id\":\"https:\/\/artlogic.biz\/ca\/mobile-world-congress-de-barcelona-2022\/\",\"url\":\"https:\/\/artlogic.biz\/ca\/mobile-world-congress-de-barcelona-2022\/\",\"name\":\"Mobile World Congress de Barcelona 2022 - artlogic\",\"isPartOf\":{\"@id\":\"https:\/\/artlogic.biz\/ca\/#website\"},\"primaryImageOfPage\":{\"@id\":\"https:\/\/artlogic.biz\/ca\/mobile-world-congress-de-barcelona-2022\/#primaryimage\"},\"image\":{\"@id\":\"https:\/\/artlogic.biz\/ca\/mobile-world-congress-de-barcelona-2022\/#primaryimage\"},\"thumbnailUrl\":\"https:\/\/artlogic.biz\/wp-content\/uploads\/Sans-titre-7.png\",\"datePublished\":\"2022-01-28T11:55:39+00:00\",\"dateModified\":\"2022-01-28T11:58:17+00:00\",\"author\":{\"@id\":\"https:\/\/artlogic.biz\/ca\/#\/schema\/person\/44aae1953b28bb8567384c6346622230\"},\"description\":\"Mobile World Congress de Barcelona \u00e9s el punt de trobada de la ind\u00fastria sense fil amb les darreres tend\u00e8ncies en la ind\u00fastria de la tecnologia.\",\"breadcrumb\":{\"@id\":\"https:\/\/artlogic.biz\/ca\/mobile-world-congress-de-barcelona-2022\/#breadcrumb\"},\"inLanguage\":\"ca\",\"potentialAction\":[{\"@type\":\"ReadAction\",\"target\":[\"https:\/\/artlogic.biz\/ca\/mobile-world-congress-de-barcelona-2022\/\"]}]},{\"@type\":\"ImageObject\",\"inLanguage\":\"ca\",\"@id\":\"https:\/\/artlogic.biz\/ca\/mobile-world-congress-de-barcelona-2022\/#primaryimage\",\"url\":\"https:\/\/artlogic.biz\/wp-content\/uploads\/Sans-titre-7.png\",\"contentUrl\":\"https:\/\/artlogic.biz\/wp-content\/uploads\/Sans-titre-7.png\",\"width\":1200,\"height\":630,\"caption\":\"artlogic at MWC Barcelona\"},{\"@type\":\"BreadcrumbList\",\"@id\":\"https:\/\/artlogic.biz\/ca\/mobile-world-congress-de-barcelona-2022\/#breadcrumb\",\"itemListElement\":[{\"@type\":\"ListItem\",\"position\":1,\"name\":\"Home\",\"item\":\"https:\/\/artlogic.biz\/ca\/home\/\"},{\"@type\":\"ListItem\",\"position\":2,\"name\":\"Mobile World Congress de Barcelona 2022\"}]},{\"@type\":\"WebSite\",\"@id\":\"https:\/\/artlogic.biz\/ca\/#website\",\"url\":\"https:\/\/artlogic.biz\/ca\/\",\"name\":\"artlogic\",\"description\":\"\",\"potentialAction\":[{\"@type\":\"SearchAction\",\"target\":{\"@type\":\"EntryPoint\",\"urlTemplate\":\"https:\/\/artlogic.biz\/ca\/?s={search_term_string}\"},\"query-input\":{\"@type\":\"PropertyValueSpecification\",\"valueRequired\":true,\"valueName\":\"search_term_string\"}}],\"inLanguage\":\"ca\"},{\"@type\":\"Person\",\"@id\":\"https:\/\/artlogic.biz\/ca\/#\/schema\/person\/44aae1953b28bb8567384c6346622230\",\"name\":\"Jose\"}]}<\/script>\n<!-- \/ Yoast SEO plugin. -->","yoast_head_json":{"title":"Mobile World Congress de Barcelona 2022 - artlogic","description":"Mobile World Congress de Barcelona \u00e9s el punt de trobada de la ind\u00fastria sense fil amb les darreres tend\u00e8ncies en la ind\u00fastria de la tecnologia.","robots":{"index":"index","follow":"follow","max-snippet":"max-snippet:-1","max-image-preview":"max-image-preview:large","max-video-preview":"max-video-preview:-1"},"canonical":"https:\/\/artlogic.biz\/ca\/mobile-world-congress-de-barcelona-2022\/","og_locale":"ca_ES","og_type":"article","og_title":"Mobile World Congress de Barcelona 2022 - artlogic","og_description":"Mobile World Congress de Barcelona \u00e9s el punt de trobada de la ind\u00fastria sense fil amb les darreres tend\u00e8ncies en la ind\u00fastria de la tecnologia.","og_url":"https:\/\/artlogic.biz\/ca\/mobile-world-congress-de-barcelona-2022\/","og_site_name":"artlogic","article_published_time":"2022-01-28T11:55:39+00:00","article_modified_time":"2022-01-28T11:58:17+00:00","og_image":[{"width":1200,"height":630,"url":"https:\/\/artlogic.biz\/wp-content\/uploads\/Sans-titre-7.png","type":"image\/png"}],"author":"Jose","twitter_card":"summary_large_image","twitter_misc":{"Escrit per":"Jose","Temps estimat de lectura":"2 minuts"},"schema":{"@context":"https:\/\/schema.org","@graph":[{"@type":"WebPage","@id":"https:\/\/artlogic.biz\/ca\/mobile-world-congress-de-barcelona-2022\/","url":"https:\/\/artlogic.biz\/ca\/mobile-world-congress-de-barcelona-2022\/","name":"Mobile World Congress de Barcelona 2022 - artlogic","isPartOf":{"@id":"https:\/\/artlogic.biz\/ca\/#website"},"primaryImageOfPage":{"@id":"https:\/\/artlogic.biz\/ca\/mobile-world-congress-de-barcelona-2022\/#primaryimage"},"image":{"@id":"https:\/\/artlogic.biz\/ca\/mobile-world-congress-de-barcelona-2022\/#primaryimage"},"thumbnailUrl":"https:\/\/artlogic.biz\/wp-content\/uploads\/Sans-titre-7.png","datePublished":"2022-01-28T11:55:39+00:00","dateModified":"2022-01-28T11:58:17+00:00","author":{"@id":"https:\/\/artlogic.biz\/ca\/#\/schema\/person\/44aae1953b28bb8567384c6346622230"},"description":"Mobile World Congress de Barcelona \u00e9s el punt de trobada de la ind\u00fastria sense fil amb les darreres tend\u00e8ncies en la ind\u00fastria de la tecnologia.","breadcrumb":{"@id":"https:\/\/artlogic.biz\/ca\/mobile-world-congress-de-barcelona-2022\/#breadcrumb"},"inLanguage":"ca","potentialAction":[{"@type":"ReadAction","target":["https:\/\/artlogic.biz\/ca\/mobile-world-congress-de-barcelona-2022\/"]}]},{"@type":"ImageObject","inLanguage":"ca","@id":"https:\/\/artlogic.biz\/ca\/mobile-world-congress-de-barcelona-2022\/#primaryimage","url":"https:\/\/artlogic.biz\/wp-content\/uploads\/Sans-titre-7.png","contentUrl":"https:\/\/artlogic.biz\/wp-content\/uploads\/Sans-titre-7.png","width":1200,"height":630,"caption":"artlogic at MWC Barcelona"},{"@type":"BreadcrumbList","@id":"https:\/\/artlogic.biz\/ca\/mobile-world-congress-de-barcelona-2022\/#breadcrumb","itemListElement":[{"@type":"ListItem","position":1,"name":"Home","item":"https:\/\/artlogic.biz\/ca\/home\/"},{"@type":"ListItem","position":2,"name":"Mobile World Congress de Barcelona 2022"}]},{"@type":"WebSite","@id":"https:\/\/artlogic.biz\/ca\/#website","url":"https:\/\/artlogic.biz\/ca\/","name":"artlogic","description":"","potentialAction":[{"@type":"SearchAction","target":{"@type":"EntryPoint","urlTemplate":"https:\/\/artlogic.biz\/ca\/?s={search_term_string}"},"query-input":{"@type":"PropertyValueSpecification","valueRequired":true,"valueName":"search_term_string"}}],"inLanguage":"ca"},{"@type":"Person","@id":"https:\/\/artlogic.biz\/ca\/#\/schema\/person\/44aae1953b28bb8567384c6346622230","name":"Jose"}]}},"_links":{"self":[{"href":"https:\/\/artlogic.biz\/ca\/wp-json\/wp\/v2\/posts\/314502","targetHints":{"allow":["GET"]}}],"collection":[{"href":"https:\/\/artlogic.biz\/ca\/wp-json\/wp\/v2\/posts"}],"about":[{"href":"https:\/\/artlogic.biz\/ca\/wp-json\/wp\/v2\/types\/post"}],"author":[{"embeddable":true,"href":"https:\/\/artlogic.biz\/ca\/wp-json\/wp\/v2\/users\/123"}],"replies":[{"embeddable":true,"href":"https:\/\/artlogic.biz\/ca\/wp-json\/wp\/v2\/comments?post=314502"}],"version-history":[{"count":3,"href":"https:\/\/artlogic.biz\/ca\/wp-json\/wp\/v2\/posts\/314502\/revisions"}],"predecessor-version":[{"id":314505,"href":"https:\/\/artlogic.biz\/ca\/wp-json\/wp\/v2\/posts\/314502\/revisions\/314505"}],"wp:featuredmedia":[{"embeddable":true,"href":"https:\/\/artlogic.biz\/ca\/wp-json\/wp\/v2\/media\/301484"}],"wp:attachment":[{"href":"https:\/\/artlogic.biz\/ca\/wp-json\/wp\/v2\/media?parent=314502"}],"wp:term":[{"taxonomy":"category","embeddable":true,"href":"https:\/\/artlogic.biz\/ca\/wp-json\/wp\/v2\/categories?post=314502"},{"taxonomy":"post_tag","embeddable":true,"href":"https:\/\/artlogic.biz\/ca\/wp-json\/wp\/v2\/tags?post=314502"}],"curies":[{"name":"wp","href":"https:\/\/api.w.org\/{rel}","templated":true}]}}