{"id":251208,"date":"2021-06-22T14:08:56","date_gmt":"2021-06-22T12:08:56","guid":{"rendered":"https:\/\/artlogic.biz\/?p=251208"},"modified":"2021-06-22T14:08:56","modified_gmt":"2021-06-22T12:08:56","slug":"nightoflight2021-zeichen-der-solidaritaet-fuer-unsere-branche","status":"publish","type":"post","link":"https:\/\/artlogic.biz\/at\/nightoflight2021-zeichen-der-solidaritaet-fuer-unsere-branche\/","title":{"rendered":"NightOfLight2021: Zeichen der Solidarit\u00e4t f\u00fcr unsere Branche"},"content":{"rendered":"<p><span style=\"font-weight: 400;\">Ein ganzes Jahr ist vergangen seit die Veranstaltungsbranche mit der ersten NightOfLight ein Zeichen setzen wollte. 8000 Unternehmen und 40.000 Teilnehmer beleuchteten die Fassaden oder Fenster ihrer Venues oder B\u00fcros damals rot als gemeinsames Signal.<\/span><\/p>\n<p>&nbsp;<\/p>\n<p><span style=\"font-weight: 400;\">Ein Jahr sp\u00e4ter findet die Aktion nun am 22.06.2021 ein zweites Mal statt.<\/span><\/p>\n<p>&nbsp;<\/p>\n<p><span style=\"font-weight: 400;\">#redalert und andere europ\u00e4ische Initiativen unterst\u00fctzen die #nightoflight &#8211; w\u00e4hrend in einigen L\u00e4ndern bereits Veranstaltungen wieder erlaubt sind, &#8230;<\/span><\/p>\n<p>&nbsp;<\/p>\n<p><span style=\"font-weight: 400;\">sind in anderen L\u00e4ndern viele Betriebe weiterhin von Lockdown und Verboten betroffen, bei ettlichen ist keine oder wenig Hilfe angekommen, es fehlt an Perspektiven. Die Eventbranche und Veranstalter leiden weiter unter den Folgen der Pandemie.<\/span><\/p>\n<p>&nbsp;<\/p>\n<p><span style=\"font-weight: 400;\">Diesmal hat das B\u00fcndnis #AlarmstufeRot auch Privatpersonen aufgerufen, sich mit der Branche solidarisch zu zeigen und deutlich zu machen, wie sehr Veranstaltungen und Events fehlen.<\/span><\/p>\n<p>&nbsp;<\/p>\n<p><span style=\"font-weight: 400;\">Mit rotem Licht auf die Misere aufmerksam machen, die \u00d6ffentlichkeit f\u00fcr Ihre Lage interessieren, die Politik wachr\u00fctteln &#8211; die Unternehmen der Branche stehen weiterhin zusammen und k\u00e4mpfen gemeinsam f\u00fcr Ihre R\u00fcckkehr.\u00a0<\/span><\/p>\n<p>&nbsp;<\/p>\n<p><a href=\"https:\/\/alarmstuferot.org\/nightoflight2021-en\"><span style=\"font-weight: 400;\">https:\/\/alarmstuferot.org\/nightoflight2021-en<\/span><\/a><\/p>\n","protected":false},"excerpt":{"rendered":"<p>Ein ganzes Jahr ist vergangen seit die Veranstaltungsbranche mit der ersten NightOfLight ein Zeichen setzen wollte. 8000 Unternehmen und 40.000 Teilnehmer beleuchteten die Fassaden oder Fenster ihrer Venues oder B\u00fcros damals rot als gemeinsames Signal. &nbsp; Ein Jahr sp\u00e4ter findet die Aktion nun am 22.06.2021 ein zweites Mal statt. &nbsp; #redalert und andere europ\u00e4ische Initiativen [&hellip;]<\/p>\n","protected":false},"author":122,"featured_media":251129,"comment_status":"closed","ping_status":"open","sticky":false,"template":"","format":"standard","meta":{"footnotes":""},"categories":[10],"tags":[],"class_list":["post-251208","post","type-post","status-publish","format-standard","has-post-thumbnail","hentry","category-allgemein-at"],"yoast_head":"<!-- This site is optimized with the Yoast SEO plugin v25.7 - https:\/\/yoast.com\/wordpress\/plugins\/seo\/ -->\n<title>NightOfLight2021: Zeichen der Solidarit\u00e4t f\u00fcr unsere Branche - artlogic<\/title>\n<meta name=\"robots\" content=\"index, follow, max-snippet:-1, max-image-preview:large, max-video-preview:-1\" \/>\n<link rel=\"canonical\" href=\"https:\/\/artlogic.biz\/at\/nightoflight2021-zeichen-der-solidaritaet-fuer-unsere-branche\/\" \/>\n<meta property=\"og:locale\" content=\"de_DE\" \/>\n<meta property=\"og:type\" content=\"article\" \/>\n<meta property=\"og:title\" content=\"NightOfLight2021: Zeichen der Solidarit\u00e4t f\u00fcr unsere Branche - artlogic\" \/>\n<meta property=\"og:description\" content=\"Ein ganzes Jahr ist vergangen seit die Veranstaltungsbranche mit der ersten NightOfLight ein Zeichen setzen wollte. 8000 Unternehmen und 40.000 Teilnehmer beleuchteten die Fassaden oder Fenster ihrer Venues oder B\u00fcros damals rot als gemeinsames Signal. &nbsp; Ein Jahr sp\u00e4ter findet die Aktion nun am 22.06.2021 ein zweites Mal statt. &nbsp; #redalert und andere europ\u00e4ische Initiativen [&hellip;]\" \/>\n<meta property=\"og:url\" content=\"https:\/\/artlogic.biz\/at\/nightoflight2021-zeichen-der-solidaritaet-fuer-unsere-branche\/\" \/>\n<meta property=\"og:site_name\" content=\"artlogic\" \/>\n<meta property=\"article:published_time\" content=\"2021-06-22T12:08:56+00:00\" \/>\n<meta property=\"og:image\" content=\"https:\/\/artlogic.biz\/wp-content\/uploads\/nighoflight-artlogic.jpg\" \/>\n\t<meta property=\"og:image:width\" content=\"449\" \/>\n\t<meta property=\"og:image:height\" content=\"449\" \/>\n\t<meta property=\"og:image:type\" content=\"image\/jpeg\" \/>\n<meta name=\"author\" content=\"Martin\" \/>\n<meta name=\"twitter:card\" content=\"summary_large_image\" \/>\n<meta name=\"twitter:label1\" content=\"Verfasst von\" \/>\n\t<meta name=\"twitter:data1\" content=\"Martin\" \/>\n\t<meta name=\"twitter:label2\" content=\"Gesch\u00e4tzte Lesezeit\" \/>\n\t<meta name=\"twitter:data2\" content=\"1 Minute\" \/>\n<script type=\"application\/ld+json\" class=\"yoast-schema-graph\">{\"@context\":\"https:\/\/schema.org\",\"@graph\":[{\"@type\":\"WebPage\",\"@id\":\"https:\/\/artlogic.biz\/at\/nightoflight2021-zeichen-der-solidaritaet-fuer-unsere-branche\/\",\"url\":\"https:\/\/artlogic.biz\/at\/nightoflight2021-zeichen-der-solidaritaet-fuer-unsere-branche\/\",\"name\":\"NightOfLight2021: Zeichen der Solidarit\u00e4t f\u00fcr unsere Branche - artlogic\",\"isPartOf\":{\"@id\":\"https:\/\/artlogic.biz\/at\/#website\"},\"primaryImageOfPage\":{\"@id\":\"https:\/\/artlogic.biz\/at\/nightoflight2021-zeichen-der-solidaritaet-fuer-unsere-branche\/#primaryimage\"},\"image\":{\"@id\":\"https:\/\/artlogic.biz\/at\/nightoflight2021-zeichen-der-solidaritaet-fuer-unsere-branche\/#primaryimage\"},\"thumbnailUrl\":\"https:\/\/artlogic.biz\/wp-content\/uploads\/nighoflight-artlogic.jpg\",\"datePublished\":\"2021-06-22T12:08:56+00:00\",\"author\":{\"@id\":\"https:\/\/artlogic.biz\/at\/#\/schema\/person\/b0e8b479ac9e09f9fa462ac0bcff9d6a\"},\"breadcrumb\":{\"@id\":\"https:\/\/artlogic.biz\/at\/nightoflight2021-zeichen-der-solidaritaet-fuer-unsere-branche\/#breadcrumb\"},\"inLanguage\":\"de-AT\",\"potentialAction\":[{\"@type\":\"ReadAction\",\"target\":[\"https:\/\/artlogic.biz\/at\/nightoflight2021-zeichen-der-solidaritaet-fuer-unsere-branche\/\"]}]},{\"@type\":\"ImageObject\",\"inLanguage\":\"de-AT\",\"@id\":\"https:\/\/artlogic.biz\/at\/nightoflight2021-zeichen-der-solidaritaet-fuer-unsere-branche\/#primaryimage\",\"url\":\"https:\/\/artlogic.biz\/wp-content\/uploads\/nighoflight-artlogic.jpg\",\"contentUrl\":\"https:\/\/artlogic.biz\/wp-content\/uploads\/nighoflight-artlogic.jpg\",\"width\":449,\"height\":449},{\"@type\":\"BreadcrumbList\",\"@id\":\"https:\/\/artlogic.biz\/at\/nightoflight2021-zeichen-der-solidaritaet-fuer-unsere-branche\/#breadcrumb\",\"itemListElement\":[{\"@type\":\"ListItem\",\"position\":1,\"name\":\"Home\",\"item\":\"https:\/\/artlogic.biz\/at\/\"},{\"@type\":\"ListItem\",\"position\":2,\"name\":\"NightOfLight2021: Zeichen der Solidarit\u00e4t f\u00fcr unsere Branche\"}]},{\"@type\":\"WebSite\",\"@id\":\"https:\/\/artlogic.biz\/at\/#website\",\"url\":\"https:\/\/artlogic.biz\/at\/\",\"name\":\"artlogic\",\"description\":\"\",\"potentialAction\":[{\"@type\":\"SearchAction\",\"target\":{\"@type\":\"EntryPoint\",\"urlTemplate\":\"https:\/\/artlogic.biz\/at\/?s={search_term_string}\"},\"query-input\":{\"@type\":\"PropertyValueSpecification\",\"valueRequired\":true,\"valueName\":\"search_term_string\"}}],\"inLanguage\":\"de-AT\"},{\"@type\":\"Person\",\"@id\":\"https:\/\/artlogic.biz\/at\/#\/schema\/person\/b0e8b479ac9e09f9fa462ac0bcff9d6a\",\"name\":\"Martin\"}]}<\/script>\n<!-- \/ Yoast SEO plugin. -->","yoast_head_json":{"title":"NightOfLight2021: Zeichen der Solidarit\u00e4t f\u00fcr unsere Branche - artlogic","robots":{"index":"index","follow":"follow","max-snippet":"max-snippet:-1","max-image-preview":"max-image-preview:large","max-video-preview":"max-video-preview:-1"},"canonical":"https:\/\/artlogic.biz\/at\/nightoflight2021-zeichen-der-solidaritaet-fuer-unsere-branche\/","og_locale":"de_DE","og_type":"article","og_title":"NightOfLight2021: Zeichen der Solidarit\u00e4t f\u00fcr unsere Branche - artlogic","og_description":"Ein ganzes Jahr ist vergangen seit die Veranstaltungsbranche mit der ersten NightOfLight ein Zeichen setzen wollte. 8000 Unternehmen und 40.000 Teilnehmer beleuchteten die Fassaden oder Fenster ihrer Venues oder B\u00fcros damals rot als gemeinsames Signal. &nbsp; Ein Jahr sp\u00e4ter findet die Aktion nun am 22.06.2021 ein zweites Mal statt. &nbsp; #redalert und andere europ\u00e4ische Initiativen [&hellip;]","og_url":"https:\/\/artlogic.biz\/at\/nightoflight2021-zeichen-der-solidaritaet-fuer-unsere-branche\/","og_site_name":"artlogic","article_published_time":"2021-06-22T12:08:56+00:00","og_image":[{"width":449,"height":449,"url":"https:\/\/artlogic.biz\/wp-content\/uploads\/nighoflight-artlogic.jpg","type":"image\/jpeg"}],"author":"Martin","twitter_card":"summary_large_image","twitter_misc":{"Verfasst von":"Martin","Gesch\u00e4tzte Lesezeit":"1 Minute"},"schema":{"@context":"https:\/\/schema.org","@graph":[{"@type":"WebPage","@id":"https:\/\/artlogic.biz\/at\/nightoflight2021-zeichen-der-solidaritaet-fuer-unsere-branche\/","url":"https:\/\/artlogic.biz\/at\/nightoflight2021-zeichen-der-solidaritaet-fuer-unsere-branche\/","name":"NightOfLight2021: Zeichen der Solidarit\u00e4t f\u00fcr unsere Branche - artlogic","isPartOf":{"@id":"https:\/\/artlogic.biz\/at\/#website"},"primaryImageOfPage":{"@id":"https:\/\/artlogic.biz\/at\/nightoflight2021-zeichen-der-solidaritaet-fuer-unsere-branche\/#primaryimage"},"image":{"@id":"https:\/\/artlogic.biz\/at\/nightoflight2021-zeichen-der-solidaritaet-fuer-unsere-branche\/#primaryimage"},"thumbnailUrl":"https:\/\/artlogic.biz\/wp-content\/uploads\/nighoflight-artlogic.jpg","datePublished":"2021-06-22T12:08:56+00:00","author":{"@id":"https:\/\/artlogic.biz\/at\/#\/schema\/person\/b0e8b479ac9e09f9fa462ac0bcff9d6a"},"breadcrumb":{"@id":"https:\/\/artlogic.biz\/at\/nightoflight2021-zeichen-der-solidaritaet-fuer-unsere-branche\/#breadcrumb"},"inLanguage":"de-AT","potentialAction":[{"@type":"ReadAction","target":["https:\/\/artlogic.biz\/at\/nightoflight2021-zeichen-der-solidaritaet-fuer-unsere-branche\/"]}]},{"@type":"ImageObject","inLanguage":"de-AT","@id":"https:\/\/artlogic.biz\/at\/nightoflight2021-zeichen-der-solidaritaet-fuer-unsere-branche\/#primaryimage","url":"https:\/\/artlogic.biz\/wp-content\/uploads\/nighoflight-artlogic.jpg","contentUrl":"https:\/\/artlogic.biz\/wp-content\/uploads\/nighoflight-artlogic.jpg","width":449,"height":449},{"@type":"BreadcrumbList","@id":"https:\/\/artlogic.biz\/at\/nightoflight2021-zeichen-der-solidaritaet-fuer-unsere-branche\/#breadcrumb","itemListElement":[{"@type":"ListItem","position":1,"name":"Home","item":"https:\/\/artlogic.biz\/at\/"},{"@type":"ListItem","position":2,"name":"NightOfLight2021: Zeichen der Solidarit\u00e4t f\u00fcr unsere Branche"}]},{"@type":"WebSite","@id":"https:\/\/artlogic.biz\/at\/#website","url":"https:\/\/artlogic.biz\/at\/","name":"artlogic","description":"","potentialAction":[{"@type":"SearchAction","target":{"@type":"EntryPoint","urlTemplate":"https:\/\/artlogic.biz\/at\/?s={search_term_string}"},"query-input":{"@type":"PropertyValueSpecification","valueRequired":true,"valueName":"search_term_string"}}],"inLanguage":"de-AT"},{"@type":"Person","@id":"https:\/\/artlogic.biz\/at\/#\/schema\/person\/b0e8b479ac9e09f9fa462ac0bcff9d6a","name":"Martin"}]}},"_links":{"self":[{"href":"https:\/\/artlogic.biz\/at\/wp-json\/wp\/v2\/posts\/251208","targetHints":{"allow":["GET"]}}],"collection":[{"href":"https:\/\/artlogic.biz\/at\/wp-json\/wp\/v2\/posts"}],"about":[{"href":"https:\/\/artlogic.biz\/at\/wp-json\/wp\/v2\/types\/post"}],"author":[{"embeddable":true,"href":"https:\/\/artlogic.biz\/at\/wp-json\/wp\/v2\/users\/122"}],"replies":[{"embeddable":true,"href":"https:\/\/artlogic.biz\/at\/wp-json\/wp\/v2\/comments?post=251208"}],"version-history":[{"count":2,"href":"https:\/\/artlogic.biz\/at\/wp-json\/wp\/v2\/posts\/251208\/revisions"}],"predecessor-version":[{"id":251211,"href":"https:\/\/artlogic.biz\/at\/wp-json\/wp\/v2\/posts\/251208\/revisions\/251211"}],"wp:featuredmedia":[{"embeddable":true,"href":"https:\/\/artlogic.biz\/at\/wp-json\/wp\/v2\/media\/251129"}],"wp:attachment":[{"href":"https:\/\/artlogic.biz\/at\/wp-json\/wp\/v2\/media?parent=251208"}],"wp:term":[{"taxonomy":"category","embeddable":true,"href":"https:\/\/artlogic.biz\/at\/wp-json\/wp\/v2\/categories?post=251208"},{"taxonomy":"post_tag","embeddable":true,"href":"https:\/\/artlogic.biz\/at\/wp-json\/wp\/v2\/tags?post=251208"}],"curies":[{"name":"wp","href":"https:\/\/api.w.org\/{rel}","templated":true}]}}